{"id":942,"date":"2022-09-27T09:31:55","date_gmt":"2022-09-27T09:31:55","guid":{"rendered":"https:\/\/feriaentidadestetuan.com\/?p=942"},"modified":"2022-09-28T20:38:24","modified_gmt":"2022-09-28T20:38:24","slug":"federacion-de-plataformas-sociales-pinardi","status":"publish","type":"post","link":"https:\/\/feriaentidadestetuan.com\/?p=942","title":{"rendered":"FEDERACI\u00d3N DE PLATAFORMAS SOCIALES PINARDI"},"content":{"rendered":"<p>[et_pb_section fb_built=\u00bb1&#8243; _builder_version=\u00bb4.10.7&#8243; _module_preset=\u00bbdefault\u00bb global_colors_info=\u00bb{}\u00bb][et_pb_row _builder_version=\u00bb4.10.7&#8243; _module_preset=\u00bbdefault\u00bb global_colors_info=\u00bb{}\u00bb][et_pb_column type=\u00bb4_4&#8243; _builder_version=\u00bb4.10.7&#8243; _module_preset=\u00bbdefault\u00bb global_colors_info=\u00bb{}\u00bb][et_pb_image src=\u00bbhttps:\/\/feriaentidadestetuan.com\/wp-content\/uploads\/2022\/09\/pinardi-vertical-2_orig-947&#215;542-1.png\u00bb title_text=\u00bbpinardi-vertical-2_orig-947&#215;542&#8243; _builder_version=\u00bb4.10.8&#8243; _module_preset=\u00bbdefault\u00bb width=\u00bb500px\u00bb module_alignment=\u00bbcenter\u00bb global_colors_info=\u00bb{}\u00bb][\/et_pb_image][\/et_pb_column][\/et_pb_row][\/et_pb_section][et_pb_section fb_built=\u00bb1&#8243; _builder_version=\u00bb4.10.8&#8243; _module_preset=\u00bbdefault\u00bb global_colors_info=\u00bb{}\u00bb][et_pb_row _builder_version=\u00bb4.10.8&#8243; _module_preset=\u00bbdefault\u00bb global_colors_info=\u00bb{}\u00bb][et_pb_column type=\u00bb4_4&#8243; _builder_version=\u00bb4.10.8&#8243; _module_preset=\u00bbdefault\u00bb global_colors_info=\u00bb{}\u00bb][et_pb_text _builder_version=\u00bb4.10.8&#8243; _module_preset=\u00bbdefault\u00bb custom_padding=\u00bb20px|20px|20px|20px|true|true\u00bb border_width_left=\u00bb2px\u00bb border_color_left=\u00bb#ff8f1d\u00bb global_colors_info=\u00bb{}\u00bb]<\/p>\n<p>En la Federaci\u00f3n de PLATAFORMAS SOCIALES PINARDI trabajamos para igualar en oportunidades a los colectivos con mayores necesidades a trav\u00e9s del fomento de procesos educativos integrales, la capacitaci\u00f3n e inserci\u00f3n sociolaboral y la sensibilizaci\u00f3n ante las nuevas situaciones de vulnerabilidad social.<\/p>\n<p><span>\u00a0<\/span><\/p>\n<p>[\/et_pb_text][\/et_pb_column][\/et_pb_row][\/et_pb_section][et_pb_section fb_built=\u00bb1&#8243; _builder_version=\u00bb3.22&#8243; min_height=\u00bb307px\u00bb global_colors_info=\u00bb{}\u00bb][et_pb_row column_structure=\u00bb1_2,1_2&#8243; _builder_version=\u00bb4.10.8&#8243; background_size=\u00bbinitial\u00bb background_position=\u00bbtop_left\u00bb background_repeat=\u00bbrepeat\u00bb global_colors_info=\u00bb{}\u00bb][et_pb_column type=\u00bb1_2&#8243; _builder_version=\u00bb3.25&#8243; custom_padding=\u00bb|||\u00bb global_colors_info=\u00bb{}\u00bb custom_padding__hover=\u00bb|||\u00bb][et_pb_text _builder_version=\u00bb4.10.8&#8243; background_size=\u00bbinitial\u00bb background_position=\u00bbtop_left\u00bb background_repeat=\u00bbrepeat\u00bb link_option_url_new_window=\u00bbon\u00bb global_colors_info=\u00bb{}\u00bb]<\/p>\n<h2>Direcci\u00f3n<\/h2>\n<p><span>C\/ Francos Rodr\u00edguez 5 28039<br \/><\/span><\/p>\n<p><a href=\"https:\/\/www.pinardi.com\">www.pinardi.com<\/a><\/p>\n<p>Instagram: @pinardi_estrecho @federacionpinardi<\/p>\n<p><a style=\"font-size: 12.8px;\" href=\"https:\/\/www.facebook.com\/federacionpinardi\" target=\"_blank\" data-saferedirecturl=\"https:\/\/www.google.com\/url?q=https:\/\/www.facebook.com\/federacionpinardi&amp;source=gmail&amp;ust=1664350382323000&amp;usg=AOvVaw0faQ8M_7UBv7G9NlgZCRZV\" rel=\"noopener\"><b><span style=\"color: #cc0000; font-family: Arial,sans-serif; font-size: 10.66px;\"><span style=\"color: #000000;\">facebook<\/span><\/span><\/b><span style=\"color: #000000; font-family: Arial, sans-serif; font-size: 10.66px;\">.<wbr \/>com\/federacionpinardi<\/span><\/a><span style=\"color: #000000;\"><\/span><\/p>\n<p><span style=\"color: #000000;\"><a style=\"font-size: 12.8px; color: #000000;\" href=\"https:\/\/twitter.com\/pinardi_oficial\" target=\"_blank\" data-saferedirecturl=\"https:\/\/www.google.com\/url?q=https:\/\/twitter.com\/pinardi_oficial&amp;source=gmail&amp;ust=1664350382323000&amp;usg=AOvVaw1abaWGgjjpZyma1pBwbzi8\" rel=\"noopener\"><b style=\"font-size: 12.8px;\"><span style=\"font-family: Arial, sans-serif; font-size: 10.66px;\">twitte<wbr \/>r<\/span><\/b><span style=\"font-family: Arial, sans-serif; font-size: 10.66px;\">.com\/pinardi_oficia<\/span><\/a><span style=\"font-family: Arial, sans-serif;\"><span style=\"font-size: 10.66px;\">l<\/span><\/span><\/span><\/p>\n<p>[\/et_pb_text][\/et_pb_column][et_pb_column type=\u00bb1_2&#8243; _builder_version=\u00bb3.25&#8243; custom_padding=\u00bb|||\u00bb global_colors_info=\u00bb{}\u00bb custom_padding__hover=\u00bb|||\u00bb][et_pb_text _builder_version=\u00bb4.10.8&#8243; background_size=\u00bbinitial\u00bb background_position=\u00bbtop_left\u00bb background_repeat=\u00bbrepeat\u00bb global_colors_info=\u00bb{}\u00bb]<\/p>\n<h2>Contacto<\/h2>\n<p><span>Tel:\u00a0<\/span>610538895<\/p>\n<p>Email: <a href=\"mailto:estrecho@pinardi.com\">estrecho@pinardi.com<\/a><span><\/span><span><\/span><\/p>\n<p><span><\/span><\/p>\n<p>&nbsp;<\/p>\n<p>[\/et_pb_text][\/et_pb_column][\/et_pb_row][\/et_pb_section][et_pb_section fb_built=\u00bb1&#8243; _builder_version=\u00bb4.10.7&#8243; _module_preset=\u00bbdefault\u00bb global_colors_info=\u00bb{}\u00bb][et_pb_row _builder_version=\u00bb4.10.8&#8243; _module_preset=\u00bbdefault\u00bb min_height=\u00bb378.9px\u00bb global_colors_info=\u00bb{}\u00bb][et_pb_column type=\u00bb4_4&#8243; _builder_version=\u00bb4.10.7&#8243; _module_preset=\u00bbdefault\u00bb global_colors_info=\u00bb{}\u00bb][et_pb_blurb title=\u00bbProyectos\u00bb use_icon=\u00bbon\u00bb font_icon=\u00bb%%234%%\u00bb icon_color=\u00bb#FF8E2E\u00bb icon_placement=\u00bbleft\u00bb _builder_version=\u00bb4.10.8&#8243; _module_preset=\u00bbdefault\u00bb header_font=\u00bb|600|||||||\u00bb header_line_height=\u00bb2em\u00bb custom_margin=\u00bb||||false|false\u00bb global_colors_info=\u00bb{}\u00bb]<\/p>\n<p>Dentro de nuestra entidad podr\u00e1s encontrar diferentes programas:<br \/><strong>\u00c1rea Infancia, familia y Juventud:<\/strong><\/p>\n<p>&#8211; Programa de Atenci\u00f3n Socioeducativa<br \/>&#8211; Programa de Intervenci\u00f3n Familiar.<br \/>&#8211; Programa intervenci\u00f3n psicol\u00f3gica Magone.<br \/>&#8211; Programa de Lectoescritura y Comprensi\u00f3n Lectora (Abrapalabra)<br \/>&#8211; Programa de atenci\u00f3n a j\u00f3venes del sistema de protecci\u00f3n (Casa Garelli protecci\u00f3n)<br \/>&#8211; Programa de atenci\u00f3n a j\u00f3venes mayores de 18 a\u00f1os (autonom\u00eda) que provienen del sistema de protecci\u00f3n (Casa Garelli)<br \/>&#8211; Programa de formaci\u00f3n reglada<\/p>\n<p><strong>\u00c1rea Empleo:<\/strong><br \/>&#8211; Programa de formaci\u00f3n en habilidades sociales y laborales (ALBOR) para j\u00f3venes de 16 a 20 a\u00f1os.<br \/>&#8211; Programa de formaci\u00f3n e inserci\u00f3n laboral (Primera Experiencia Profesional).<br \/>&#8211; Programa Itinerarios Integrados de &#8211; Inserci\u00f3n laboral (Emplea- t) para personas adultas.<br \/>&#8211; Certificados de profesionalidad nivel I,II,III.<br \/>&#8211; Programa Desarrollo Profesional<br \/><strong>\u00c1rea de Inclusi\u00f3n Social:<\/strong><br \/>&#8211; Atenci\u00f3n a j\u00f3venes refugiados solicitantes de asilo.<br \/>&#8211; Acogida, alfabetizaci\u00f3n y ense\u00f1anza del castellano.<br \/>&#8211; Educaci\u00f3n de Calle.<br \/>&#8211; Convivencia y participaci\u00f3n comunitaria.<br \/>&#8211; Atenci\u00f3n y cobertura de Necesidades B\u00e1sicas.<\/p>\n<p>&nbsp;<\/p>\n<p><span>\u00a0<\/span><\/p>\n<p>[\/et_pb_blurb][et_pb_blurb title=\u00bbActividades\u00bb use_icon=\u00bbon\u00bb font_icon=\u00bb%%259%%\u00bb icon_color=\u00bb#FF8E2E\u00bb icon_placement=\u00bbleft\u00bb _builder_version=\u00bb4.10.8&#8243; _module_preset=\u00bbdefault\u00bb header_font=\u00bb|600|||||||\u00bb header_line_height=\u00bb2em\u00bb global_colors_info=\u00bb{}\u00bb]<\/p>\n<p>Nuestra entidad desarrolla dentro del barrio de Tetu\u00e1n:<br \/>&#8211; Programa de Atenci\u00f3n Socioeducativa (L a J)<br \/>&#8211; Programa de Intervenci\u00f3n Familiar.<br \/>&#8211; Programa intervenci\u00f3n psicol\u00f3gica Magone.<br \/>&#8211; Programa de Lectoescritura y Comprensi\u00f3n Lectora (Abrapalabra)<\/p>\n<p>[\/et_pb_blurb][et_pb_divider color=\u00bb#ff8f1d\u00bb _builder_version=\u00bb4.10.8&#8243; _module_preset=\u00bbdefault\u00bb custom_margin=\u00bb50px||||false|false\u00bb global_colors_info=\u00bb{}\u00bb][\/et_pb_divider][\/et_pb_column][\/et_pb_row][\/et_pb_section]<\/p>\n","protected":false},"excerpt":{"rendered":"<p>En la Federaci\u00f3n de PLATAFORMAS SOCIALES PINARDI trabajamos para igualar en oportunidades a los colectivos con mayores necesidades a trav\u00e9s del fomento de procesos educativos integrales, la capacitaci\u00f3n e inserci\u00f3n sociolaboral y la sensibilizaci\u00f3n ante las nuevas situaciones de vulnerabilidad social. \u00a0Direcci\u00f3n C\/ Francos Rodr\u00edguez 5 28039 www.pinardi.com Instagram: @pinardi_estrecho @federacionpinardi facebook.com\/federacionpinardi twitter.com\/pinardi_oficialContacto Tel:\u00a0610538895 Email: [&hellip;]<\/p>\n","protected":false},"author":3,"featured_media":944,"comment_status":"open","ping_status":"open","sticky":false,"template":"","format":"standard","meta":{"_et_pb_use_builder":"on","_et_pb_old_content":"","_et_gb_content_width":"","footnotes":""},"categories":[2],"tags":[],"class_list":["post-942","post","type-post","status-publish","format-standard","has-post-thumbnail","hentry","category-entidad"],"_links":{"self":[{"href":"https:\/\/feriaentidadestetuan.com\/index.php?rest_route=\/wp\/v2\/posts\/942","targetHints":{"allow":["GET"]}}],"collection":[{"href":"https:\/\/feriaentidadestetuan.com\/index.php?rest_route=\/wp\/v2\/posts"}],"about":[{"href":"https:\/\/feriaentidadestetuan.com\/index.php?rest_route=\/wp\/v2\/types\/post"}],"author":[{"embeddable":true,"href":"https:\/\/feriaentidadestetuan.com\/index.php?rest_route=\/wp\/v2\/users\/3"}],"replies":[{"embeddable":true,"href":"https:\/\/feriaentidadestetuan.com\/index.php?rest_route=%2Fwp%2Fv2%2Fcomments&post=942"}],"version-history":[{"count":5,"href":"https:\/\/feriaentidadestetuan.com\/index.php?rest_route=\/wp\/v2\/posts\/942\/revisions"}],"predecessor-version":[{"id":974,"href":"https:\/\/feriaentidadestetuan.com\/index.php?rest_route=\/wp\/v2\/posts\/942\/revisions\/974"}],"wp:featuredmedia":[{"embeddable":true,"href":"https:\/\/feriaentidadestetuan.com\/index.php?rest_route=\/wp\/v2\/media\/944"}],"wp:attachment":[{"href":"https:\/\/feriaentidadestetuan.com\/index.php?rest_route=%2Fwp%2Fv2%2Fmedia&parent=942"}],"wp:term":[{"taxonomy":"category","embeddable":true,"href":"https:\/\/feriaentidadestetuan.com\/index.php?rest_route=%2Fwp%2Fv2%2Fcategories&post=942"},{"taxonomy":"post_tag","embeddable":true,"href":"https:\/\/feriaentidadestetuan.com\/index.php?rest_route=%2Fwp%2Fv2%2Ftags&post=942"}],"curies":[{"name":"wp","href":"https:\/\/api.w.org\/{rel}","templated":true}]}}