{"id":859,"date":"2022-09-14T21:21:28","date_gmt":"2022-09-14T21:21:28","guid":{"rendered":"https:\/\/feriaentidadestetuan.com\/?p=859"},"modified":"2023-09-06T08:19:42","modified_gmt":"2023-09-06T08:19:42","slug":"cjas-centro-joven-de-atencion-a-la-sexualidad","status":"publish","type":"post","link":"https:\/\/feriaentidadestetuan.com\/?p=859","title":{"rendered":"CJAS &#8211; Centro Joven de Atenci\u00f3n a la Sexualidad"},"content":{"rendered":"<p>[et_pb_section fb_built=\u00bb1&#8243; _builder_version=\u00bb4.10.7&#8243; _module_preset=\u00bbdefault\u00bb global_colors_info=\u00bb{}\u00bb][et_pb_row _builder_version=\u00bb4.10.7&#8243; _module_preset=\u00bbdefault\u00bb global_colors_info=\u00bb{}\u00bb][et_pb_column type=\u00bb4_4&#8243; _builder_version=\u00bb4.10.7&#8243; _module_preset=\u00bbdefault\u00bb global_colors_info=\u00bb{}\u00bb][et_pb_image src=\u00bbhttps:\/\/feriaentidadestetuan.com\/wp-content\/uploads\/2022\/09\/imgpsh_fullsize_anim-CJAS-Centro-Joven-de-Atencio\u0301n-a-la-Sexualidad-e1663190474237.jpg\u00bb title_text=\u00bbimgpsh_fullsize_anim &#8211; CJAS Centro Joven de Atencio\u0301n a la Sexualidad\u00bb _builder_version=\u00bb4.10.8&#8243; _module_preset=\u00bbdefault\u00bb width=\u00bb500px\u00bb module_alignment=\u00bbcenter\u00bb global_colors_info=\u00bb{}\u00bb][\/et_pb_image][\/et_pb_column][\/et_pb_row][\/et_pb_section][et_pb_section fb_built=\u00bb1&#8243; _builder_version=\u00bb4.10.8&#8243; _module_preset=\u00bbdefault\u00bb global_colors_info=\u00bb{}\u00bb][et_pb_row _builder_version=\u00bb4.10.8&#8243; _module_preset=\u00bbdefault\u00bb global_colors_info=\u00bb{}\u00bb][et_pb_column type=\u00bb4_4&#8243; _builder_version=\u00bb4.10.8&#8243; _module_preset=\u00bbdefault\u00bb global_colors_info=\u00bb{}\u00bb][et_pb_text _builder_version=\u00bb4.10.8&#8243; _module_preset=\u00bbdefault\u00bb custom_padding=\u00bb20px|20px|20px|20px|true|true\u00bb hover_enabled=\u00bb0&#8243; border_width_left=\u00bb2px\u00bb border_color_left=\u00bb#ff8f1d\u00bb global_colors_info=\u00bb{}\u00bb sticky_enabled=\u00bb0&#8243;]<\/p>\n<p><span>El CJAS es un servicio de SEDRA-FPFE, una organizaci\u00f3n que trabaja para que todas las personas puedan decidir libremente sobre su sexualidad y reproducci\u00f3n y tener acceso a todos los servicios relacionados. El CJAS es un espacio amigable, con atenci\u00f3n confidencial, gratuita y sin l\u00edmite de tiempo. No tienes que pedir cita previa ni darnos ning\u00fan dato personal.<\/span><\/p>\n<p>[\/et_pb_text][\/et_pb_column][\/et_pb_row][et_pb_row _builder_version=\u00bb4.10.8&#8243; _module_preset=\u00bbdefault\u00bb global_colors_info=\u00bb{}\u00bb][et_pb_column type=\u00bb4_4&#8243; _builder_version=\u00bb4.10.8&#8243; _module_preset=\u00bbdefault\u00bb global_colors_info=\u00bb{}\u00bb][\/et_pb_column][\/et_pb_row][\/et_pb_section][et_pb_section fb_built=\u00bb1&#8243; _builder_version=\u00bb3.22&#8243; global_colors_info=\u00bb{}\u00bb][et_pb_row column_structure=\u00bb1_2,1_2&#8243; _builder_version=\u00bb3.25&#8243; background_size=\u00bbinitial\u00bb background_position=\u00bbtop_left\u00bb background_repeat=\u00bbrepeat\u00bb custom_margin=\u00bb-50px|auto||auto||\u00bb custom_padding=\u00bb30px|||||\u00bb global_colors_info=\u00bb{}\u00bb][et_pb_column type=\u00bb1_2&#8243; _builder_version=\u00bb3.25&#8243; custom_padding=\u00bb|||\u00bb global_colors_info=\u00bb{}\u00bb custom_padding__hover=\u00bb|||\u00bb][et_pb_text _builder_version=\u00bb4.10.8&#8243; background_size=\u00bbinitial\u00bb background_position=\u00bbtop_left\u00bb background_repeat=\u00bbrepeat\u00bb hover_enabled=\u00bb0&#8243; global_colors_info=\u00bb{}\u00bb sticky_enabled=\u00bb0&#8243;]<\/p>\n<h2>Direcci\u00f3n<\/h2>\n<p><span>C\/ San Vicente Ferrer 86 bajo izq.<\/span><\/p>\n<p><a href=\"https:\/\/www.centrojoven.org\/\" class=\"waffle-rich-text-link\">https:\/\/www.centrojoven.org\/<\/a><\/p>\n<p><a href=\"https:\/\/www.facebook.com\/madrid.ordendemalta\/  \"><\/a><\/p>\n<p><a href=\"https:\/\/www.instagram.com\/madrid.ordendemalta\/  \"><\/a><\/p>\n<p>[\/et_pb_text][\/et_pb_column][et_pb_column type=\u00bb1_2&#8243; _builder_version=\u00bb3.25&#8243; custom_padding=\u00bb|||\u00bb global_colors_info=\u00bb{}\u00bb custom_padding__hover=\u00bb|||\u00bb][et_pb_text _builder_version=\u00bb4.10.8&#8243; background_size=\u00bbinitial\u00bb background_position=\u00bbtop_left\u00bb background_repeat=\u00bbrepeat\u00bb hover_enabled=\u00bb0&#8243; global_colors_info=\u00bb{}\u00bb sticky_enabled=\u00bb0&#8243;]<\/p>\n<h2>Contacto<\/h2>\n<p><span>Tel: 915 316 655 &#8211; 636 924 161<\/span><\/p>\n<p>Email: <a href=\"mailto:consulta@centrojoven.org\">consulta@centrojoven.org<\/a><span><\/span><span><\/span><\/p>\n<p><span><\/span><\/p>\n<p>&nbsp;<\/p>\n<p>[\/et_pb_text][\/et_pb_column][\/et_pb_row][\/et_pb_section][et_pb_section fb_built=\u00bb1&#8243; _builder_version=\u00bb4.10.7&#8243; _module_preset=\u00bbdefault\u00bb global_colors_info=\u00bb{}\u00bb][et_pb_row _builder_version=\u00bb4.10.7&#8243; _module_preset=\u00bbdefault\u00bb global_colors_info=\u00bb{}\u00bb][et_pb_column type=\u00bb4_4&#8243; _builder_version=\u00bb4.10.7&#8243; _module_preset=\u00bbdefault\u00bb global_colors_info=\u00bb{}\u00bb][et_pb_blurb title=\u00bbProyectos\u00bb use_icon=\u00bbon\u00bb font_icon=\u00bb%%234%%\u00bb icon_color=\u00bb#FF8E2E\u00bb icon_placement=\u00bbleft\u00bb _builder_version=\u00bb4.10.8&#8243; _module_preset=\u00bbdefault\u00bb header_font=\u00bb|600|||||||\u00bb header_line_height=\u00bb2em\u00bb custom_margin=\u00bb||||false|false\u00bb hover_enabled=\u00bb0&#8243; global_colors_info=\u00bb{}\u00bb sticky_enabled=\u00bb0&#8243;]<\/p>\n<p><span>&#8211; Atenci\u00f3n y asesoramiento a poblaci\u00f3n joven, mujeres y migrantes <\/span><\/p>\n<p><span>&#8211; Atenci\u00f3n y asesoramiento a familias <\/span><\/p>\n<p><span>&#8211; Formaci\u00f3n y asesoramiento a profesionales que trabajan con j\u00f3venes y familias <\/span><\/p>\n<p><span>&#8211; Talleres de educaci\u00f3n sexual<\/span><\/p>\n<p><span>\u00a0<\/span><\/p>\n<p>[\/et_pb_blurb][et_pb_blurb title=\u00bbActividades\u00bb use_icon=\u00bbon\u00bb font_icon=\u00bb%%259%%\u00bb icon_color=\u00bb#FF8E2E\u00bb icon_placement=\u00bbleft\u00bb _builder_version=\u00bb4.10.8&#8243; _module_preset=\u00bbdefault\u00bb header_font=\u00bb|600|||||||\u00bb header_line_height=\u00bb2em\u00bb hover_enabled=\u00bb0&#8243; global_colors_info=\u00bb{}\u00bb sticky_enabled=\u00bb0&#8243;]<\/p>\n<p><span>&#8211; INFORMACI\u00d3N: La informaci\u00f3n sobre sexualidad que aparece en internet muchas veces es confusa o err\u00f3nea. Nosotras te informamos de forma fiable sobre cualquier tema relacionado con la sexualidad. <\/span><\/p>\n<p><span>&#8211; ASESORAMIENTO: A veces, nuestras preocupaciones van m\u00e1s all\u00e1 de las dudas, e implican afrontar dificultades y\/o tomar nuestras propias decisiones. Te ayudamos a hacerlo a trav\u00e9s de informaci\u00f3n y herramientas concretas que te permitan, adem\u00e1s, resolver otras cuestiones en el futuro. <\/span><\/p>\n<p><span>&#8211; DERIVACI\u00d3N Y ACOMPA\u00d1AMIENTO: A veces puedes necesitar servicios que no podemos ofrecerte; por eso, te ayudamos a conocerlos, localizarlos y a acceder a ellos. Te facilitamos el contacto, te ayudamos a gestionar tu cita y, si lo necesitas, tambi\u00e9n podemos acompa\u00f1arte. <\/span><\/p>\n<p><span>&#8211; PRUEBAS DE EMBARAZO Y VIH &#8211; S\u00cdFILIS: La preocupaci\u00f3n ante un posible embarazo no planificado o la transmisi\u00f3n de una infecci\u00f3n como el VIH puede convertirse en un miedo que a veces nos paraliza. Realizamos pruebas de embarazo y pruebas r\u00e1pidas de VIH y de s\u00edfilis, acompa\u00f1\u00e1ndote durante todo el proceso hasta conocer el resultado y ayud\u00e1ndote a tomar decisiones a partir de ese momento.<\/span><\/p>\n<p><span>\u00a0<\/span><\/p>\n<p>[\/et_pb_blurb][et_pb_divider color=\u00bb#ff8f1d\u00bb _builder_version=\u00bb4.10.8&#8243; _module_preset=\u00bbdefault\u00bb custom_margin=\u00bb50px||||false|false\u00bb global_colors_info=\u00bb{}\u00bb][\/et_pb_divider][\/et_pb_column][\/et_pb_row][\/et_pb_section]<\/p>\n","protected":false},"excerpt":{"rendered":"<p>El CJAS es un servicio de SEDRA-FPFE, una organizaci\u00f3n que trabaja para que todas las personas puedan decidir libremente sobre su sexualidad y reproducci\u00f3n y tener acceso a todos los servicios relacionados. El CJAS es un espacio amigable, con atenci\u00f3n confidencial, gratuita y sin l\u00edmite de tiempo. No tienes que pedir cita previa ni darnos [&hellip;]<\/p>\n","protected":false},"author":3,"featured_media":860,"comment_status":"open","ping_status":"open","sticky":false,"template":"","format":"standard","meta":{"_et_pb_use_builder":"on","_et_pb_old_content":"","_et_gb_content_width":"","footnotes":""},"categories":[2],"tags":[],"class_list":["post-859","post","type-post","status-publish","format-standard","has-post-thumbnail","hentry","category-entidad"],"_links":{"self":[{"href":"https:\/\/feriaentidadestetuan.com\/index.php?rest_route=\/wp\/v2\/posts\/859","targetHints":{"allow":["GET"]}}],"collection":[{"href":"https:\/\/feriaentidadestetuan.com\/index.php?rest_route=\/wp\/v2\/posts"}],"about":[{"href":"https:\/\/feriaentidadestetuan.com\/index.php?rest_route=\/wp\/v2\/types\/post"}],"author":[{"embeddable":true,"href":"https:\/\/feriaentidadestetuan.com\/index.php?rest_route=\/wp\/v2\/users\/3"}],"replies":[{"embeddable":true,"href":"https:\/\/feriaentidadestetuan.com\/index.php?rest_route=%2Fwp%2Fv2%2Fcomments&post=859"}],"version-history":[{"count":4,"href":"https:\/\/feriaentidadestetuan.com\/index.php?rest_route=\/wp\/v2\/posts\/859\/revisions"}],"predecessor-version":[{"id":1038,"href":"https:\/\/feriaentidadestetuan.com\/index.php?rest_route=\/wp\/v2\/posts\/859\/revisions\/1038"}],"wp:featuredmedia":[{"embeddable":true,"href":"https:\/\/feriaentidadestetuan.com\/index.php?rest_route=\/wp\/v2\/media\/860"}],"wp:attachment":[{"href":"https:\/\/feriaentidadestetuan.com\/index.php?rest_route=%2Fwp%2Fv2%2Fmedia&parent=859"}],"wp:term":[{"taxonomy":"category","embeddable":true,"href":"https:\/\/feriaentidadestetuan.com\/index.php?rest_route=%2Fwp%2Fv2%2Fcategories&post=859"},{"taxonomy":"post_tag","embeddable":true,"href":"https:\/\/feriaentidadestetuan.com\/index.php?rest_route=%2Fwp%2Fv2%2Ftags&post=859"}],"curies":[{"name":"wp","href":"https:\/\/api.w.org\/{rel}","templated":true}]}}