{"id":715,"date":"2022-08-11T16:19:54","date_gmt":"2022-08-11T16:19:54","guid":{"rendered":"https:\/\/feriaentidadestetuan.com\/?p=715"},"modified":"2022-09-12T16:46:31","modified_gmt":"2022-09-12T16:46:31","slug":"accion-contra-el-hambre","status":"publish","type":"post","link":"https:\/\/feriaentidadestetuan.com\/?p=715","title":{"rendered":"ACCI\u00d3N CONTRA EL HAMBRE"},"content":{"rendered":"<p>[et_pb_section fb_built=\u00bb1&#8243; _builder_version=\u00bb4.10.7&#8243; _module_preset=\u00bbdefault\u00bb global_colors_info=\u00bb{}\u00bb][et_pb_row _builder_version=\u00bb4.10.7&#8243; _module_preset=\u00bbdefault\u00bb global_colors_info=\u00bb{}\u00bb][et_pb_column type=\u00bb4_4&#8243; _builder_version=\u00bb4.10.7&#8243; _module_preset=\u00bbdefault\u00bb global_colors_info=\u00bb{}\u00bb][et_pb_image src=\u00bbhttps:\/\/feriaentidadestetuan.com\/wp-content\/uploads\/2022\/08\/ACH-Logo.jpg\u00bb title_text=\u00bbACH Logo\u00bb _builder_version=\u00bb4.10.8&#8243; _module_preset=\u00bbdefault\u00bb width=\u00bb500px\u00bb module_alignment=\u00bbcenter\u00bb global_colors_info=\u00bb{}\u00bb][\/et_pb_image][\/et_pb_column][\/et_pb_row][\/et_pb_section][et_pb_section fb_built=\u00bb1&#8243; _builder_version=\u00bb4.10.8&#8243; _module_preset=\u00bbdefault\u00bb global_colors_info=\u00bb{}\u00bb][et_pb_row _builder_version=\u00bb4.10.8&#8243; _module_preset=\u00bbdefault\u00bb global_colors_info=\u00bb{}\u00bb][et_pb_column type=\u00bb4_4&#8243; _builder_version=\u00bb4.10.8&#8243; _module_preset=\u00bbdefault\u00bb global_colors_info=\u00bb{}\u00bb][et_pb_text _builder_version=\u00bb4.10.8&#8243; _module_preset=\u00bbdefault\u00bb custom_padding=\u00bb20px|20px|20px|20px|true|true\u00bb border_width_left=\u00bb2px\u00bb border_color_left=\u00bb#ff8f1d\u00bb global_colors_info=\u00bb{}\u00bb]<\/p>\n<p><span>En Espa\u00f1a, Acci\u00f3n contra el Hambre lleva a cabo proyectos de innovaci\u00f3n social dirigidos a mejorar la empleabilidad y facilitar la inserci\u00f3n laboral de personas desempleadas en b\u00fasqueda activa de empleo, ya sea por cuenta ajena (Vives Emplea) o por cuenta propia (Vives Emprende).<\/span><\/p>\n<p>[\/et_pb_text][\/et_pb_column][\/et_pb_row][et_pb_row _builder_version=\u00bb4.10.8&#8243; _module_preset=\u00bbdefault\u00bb global_colors_info=\u00bb{}\u00bb][et_pb_column type=\u00bb4_4&#8243; _builder_version=\u00bb4.10.8&#8243; _module_preset=\u00bbdefault\u00bb global_colors_info=\u00bb{}\u00bb][\/et_pb_column][\/et_pb_row][\/et_pb_section][et_pb_section fb_built=\u00bb1&#8243; _builder_version=\u00bb4.10.8&#8243; _module_preset=\u00bbdefault\u00bb custom_padding=\u00bb0px|||||\u00bb global_colors_info=\u00bb{}\u00bb][et_pb_row _builder_version=\u00bb4.10.8&#8243; _module_preset=\u00bbdefault\u00bb global_colors_info=\u00bb{}\u00bb][et_pb_column type=\u00bb4_4&#8243; _builder_version=\u00bb4.10.8&#8243; _module_preset=\u00bbdefault\u00bb global_colors_info=\u00bb{}\u00bb][et_pb_video src_webm=\u00bbhttps:\/\/feriaentidadestetuan.com\/wp-content\/uploads\/2022\/08\/Disen\u0303o-sin-ti\u0301tulo-Patricia-Pe\u0301rez-Blanco.mp4&#8243; _builder_version=\u00bb4.10.8&#8243; _module_preset=\u00bbdefault\u00bb global_colors_info=\u00bb{}\u00bb][\/et_pb_video][\/et_pb_column][\/et_pb_row][\/et_pb_section][et_pb_section fb_built=\u00bb1&#8243; _builder_version=\u00bb3.22&#8243; global_colors_info=\u00bb{}\u00bb][et_pb_row column_structure=\u00bb1_2,1_2&#8243; _builder_version=\u00bb3.25&#8243; background_size=\u00bbinitial\u00bb background_position=\u00bbtop_left\u00bb background_repeat=\u00bbrepeat\u00bb global_colors_info=\u00bb{}\u00bb][et_pb_column type=\u00bb1_2&#8243; _builder_version=\u00bb3.25&#8243; custom_padding=\u00bb|||\u00bb global_colors_info=\u00bb{}\u00bb custom_padding__hover=\u00bb|||\u00bb][et_pb_text _builder_version=\u00bb4.10.8&#8243; background_size=\u00bbinitial\u00bb background_position=\u00bbtop_left\u00bb background_repeat=\u00bbrepeat\u00bb global_colors_info=\u00bb{}\u00bb]<\/p>\n<h2>Direcci\u00f3n<\/h2>\n<p><span>Calle Marcelina, 3, 28029, Madrid<\/span><\/p>\n<p><a href=\"https:\/\/www.accioncontraelhambre.org\/es\" class=\"waffle-rich-text-link\">www.accioncontraelhambre.org\/es<\/a><\/p>\n<p>[\/et_pb_text][\/et_pb_column][et_pb_column type=\u00bb1_2&#8243; _builder_version=\u00bb3.25&#8243; custom_padding=\u00bb|||\u00bb global_colors_info=\u00bb{}\u00bb custom_padding__hover=\u00bb|||\u00bb][et_pb_text _builder_version=\u00bb4.10.8&#8243; background_size=\u00bbinitial\u00bb background_position=\u00bbtop_left\u00bb background_repeat=\u00bbrepeat\u00bb global_colors_info=\u00bb{}\u00bb]<\/p>\n<h2>Contacto<\/h2>\n<p><span>Tel:\u00a0<\/span>910 51 22 84<\/p>\n<p>Email: <a href=\"mailto:madrid@accioncontraelhambre.org\">madrid@accioncontraelhambre.org<\/a><span><\/span><span><\/span><\/p>\n<p><span><\/span><\/p>\n<p>&nbsp;<\/p>\n<p>[\/et_pb_text][\/et_pb_column][\/et_pb_row][\/et_pb_section][et_pb_section fb_built=\u00bb1&#8243; _builder_version=\u00bb4.10.8&#8243; _module_preset=\u00bbdefault\u00bb][et_pb_row _builder_version=\u00bb4.10.8&#8243; _module_preset=\u00bbdefault\u00bb][et_pb_column _builder_version=\u00bb4.10.8&#8243; _module_preset=\u00bbdefault\u00bb type=\u00bb4_4&#8243;][et_pb_text _builder_version=\u00bb4.10.8&#8243; _module_preset=\u00bbdefault\u00bb custom_padding=\u00bb20px|20px|20px|20px|true|true\u00bb border_width_left=\u00bb2px\u00bb border_color_left=\u00bb#ff8f1d\u00bb global_colors_info=\u00bb{}\u00bb]<\/p>\n<p>VIVES EMPLEA SALUDABLE:\u00a0<a href=\"https:\/\/eur03.safelinks.protection.outlook.com\/?url=https%3A%2F%2Fcolabora.accioncontraelhambre.org%2Fvives-emplea-saludable-eb62674524006ff47bc3bcbd5b27bb63%2F&amp;data=05%7C01%7Ccserrano%40accioncontraelhambre.org%7Cb22bae421c0d4a1194c808da5fff364c%7Cff105d4f039f444fbd6f0ed1e35daef4%7C0%7C0%7C637927846971920070%7CUnknown%7CTWFpbGZsb3d8eyJWIjoiMC4wLjAwMDAiLCJQIjoiV2luMzIiLCJBTiI6Ik1haWwiLCJXVCI6Mn0%3D%7C3000%7C%7C%7C&amp;sdata=67URqd2je52FlQhaaGF673Le9NGrRb09UdmAWg4v%2Fko%3D&amp;reserved=0\" data-saferedirecturl=\"https:\/\/www.google.com\/url?q=https:\/\/eur03.safelinks.protection.outlook.com\/?url%3Dhttps%253A%252F%252Fcolabora.accioncontraelhambre.org%252Fvives-emplea-saludable-eb62674524006ff47bc3bcbd5b27bb63%252F%26data%3D05%257C01%257Ccserrano%2540accioncontraelhambre.org%257Cb22bae421c0d4a1194c808da5fff364c%257Cff105d4f039f444fbd6f0ed1e35daef4%257C0%257C0%257C637927846971920070%257CUnknown%257CTWFpbGZsb3d8eyJWIjoiMC4wLjAwMDAiLCJQIjoiV2luMzIiLCJBTiI6Ik1haWwiLCJXVCI6Mn0%253D%257C3000%257C%257C%257C%26sdata%3D67URqd2je52FlQhaaGF673Le9NGrRb09UdmAWg4v%252Fko%253D%26reserved%3D0&amp;source=gmail&amp;ust=1663086461411000&amp;usg=AOvVaw2I8Cr8ahWxqpMki1HqQY7m\">https:\/\/colabora.accioncontraelhambre.org\/vives-emplea-saludable-eb62674524006ff47bc3bcbd5b27bb63\/<\/a><\/p>\n<p>VIVES EMPLEA:\u00a0<a href=\"https:\/\/eur03.safelinks.protection.outlook.com\/?url=https%3A%2F%2Fcolabora.accioncontraelhambre.org%2Fvives-emplea-2e1a74d349347d6d14efa1fa1fc77a48%2F&amp;data=05%7C01%7Ccserrano%40accioncontraelhambre.org%7Cb22bae421c0d4a1194c808da5fff364c%7Cff105d4f039f444fbd6f0ed1e35daef4%7C0%7C0%7C637927846971920070%7CUnknown%7CTWFpbGZsb3d8eyJWIjoiMC4wLjAwMDAiLCJQIjoiV2luMzIiLCJBTiI6Ik1haWwiLCJXVCI6Mn0%3D%7C3000%7C%7C%7C&amp;sdata=W0t34POGeQz4tt0pYBj6f9WJEAMT4mW4UP0nI5f%2FPRU%3D&amp;reserved=0\" data-saferedirecturl=\"https:\/\/www.google.com\/url?q=https:\/\/eur03.safelinks.protection.outlook.com\/?url%3Dhttps%253A%252F%252Fcolabora.accioncontraelhambre.org%252Fvives-emplea-2e1a74d349347d6d14efa1fa1fc77a48%252F%26data%3D05%257C01%257Ccserrano%2540accioncontraelhambre.org%257Cb22bae421c0d4a1194c808da5fff364c%257Cff105d4f039f444fbd6f0ed1e35daef4%257C0%257C0%257C637927846971920070%257CUnknown%257CTWFpbGZsb3d8eyJWIjoiMC4wLjAwMDAiLCJQIjoiV2luMzIiLCJBTiI6Ik1haWwiLCJXVCI6Mn0%253D%257C3000%257C%257C%257C%26sdata%3DW0t34POGeQz4tt0pYBj6f9WJEAMT4mW4UP0nI5f%252FPRU%253D%26reserved%3D0&amp;source=gmail&amp;ust=1663086461411000&amp;usg=AOvVaw3gLza_M-LulW-GbHOeW5f2\">https:\/\/colabora.accioncontraelhambre.org\/vives-emplea-2e1a74d349347d6d14efa1fa1fc77a48\/<\/a><\/p>\n<p>VIVES EMPRENDE:\u00a0<a href=\"https:\/\/eur03.safelinks.protection.outlook.com\/?url=https%3A%2F%2Fcolabora.accioncontraelhambre.org%2Fvives-emprende-523a594661f3c94c47fc180c5b3f679e%2F&amp;data=05%7C01%7Ccserrano%40accioncontraelhambre.org%7Cb22bae421c0d4a1194c808da5fff364c%7Cff105d4f039f444fbd6f0ed1e35daef4%7C0%7C0%7C637927846971920070%7CUnknown%7CTWFpbGZsb3d8eyJWIjoiMC4wLjAwMDAiLCJQIjoiV2luMzIiLCJBTiI6Ik1haWwiLCJXVCI6Mn0%3D%7C3000%7C%7C%7C&amp;sdata=Caa6Yf1QO1HQeXpULIYsh%2FlaGYyvpjHVNTSi0YCdd2g%3D&amp;reserved=0\" data-saferedirecturl=\"https:\/\/www.google.com\/url?q=https:\/\/eur03.safelinks.protection.outlook.com\/?url%3Dhttps%253A%252F%252Fcolabora.accioncontraelhambre.org%252Fvives-emprende-523a594661f3c94c47fc180c5b3f679e%252F%26data%3D05%257C01%257Ccserrano%2540accioncontraelhambre.org%257Cb22bae421c0d4a1194c808da5fff364c%257Cff105d4f039f444fbd6f0ed1e35daef4%257C0%257C0%257C637927846971920070%257CUnknown%257CTWFpbGZsb3d8eyJWIjoiMC4wLjAwMDAiLCJQIjoiV2luMzIiLCJBTiI6Ik1haWwiLCJXVCI6Mn0%253D%257C3000%257C%257C%257C%26sdata%3DCaa6Yf1QO1HQeXpULIYsh%252FlaGYyvpjHVNTSi0YCdd2g%253D%26reserved%3D0&amp;source=gmail&amp;ust=1663086461411000&amp;usg=AOvVaw1SPD6uARTRXFhCZwt1kYzd\">https:\/\/colabora.accioncontraelhambre.org\/vives-emprende-523a594661f3c94c47fc180c5b3f679e\/<\/a><\/p>\n<p><span>\u00a0<\/span><\/p>\n<p>[\/et_pb_text][\/et_pb_column][\/et_pb_row][\/et_pb_section][et_pb_section fb_built=\u00bb1&#8243; _builder_version=\u00bb4.10.7&#8243; _module_preset=\u00bbdefault\u00bb global_colors_info=\u00bb{}\u00bb][et_pb_row _builder_version=\u00bb4.10.7&#8243; _module_preset=\u00bbdefault\u00bb global_colors_info=\u00bb{}\u00bb][et_pb_column type=\u00bb4_4&#8243; _builder_version=\u00bb4.10.7&#8243; _module_preset=\u00bbdefault\u00bb global_colors_info=\u00bb{}\u00bb][et_pb_blurb title=\u00bbProyectos\u00bb use_icon=\u00bbon\u00bb font_icon=\u00bb%%234%%\u00bb icon_color=\u00bb#FF8E2E\u00bb icon_placement=\u00bbleft\u00bb _builder_version=\u00bb4.10.8&#8243; _module_preset=\u00bbdefault\u00bb header_font=\u00bb|600|||||||\u00bb header_line_height=\u00bb2em\u00bb custom_margin=\u00bb||||false|false\u00bb global_colors_info=\u00bb{}\u00bb]<\/p>\n<p>Vives Emplea, Vives Emplea Saludable y Vives Emprende son programas gratuitos de mejora de empleabilidad para personas con permiso de trabajo (NIE o DNI). Hay algunos programas espec\u00edficos para ciertos perfiles, como personas de origen migrante o menores de 30, pero tambi\u00e9n tenemos otros abiertos a todo tipo de perfiles.<\/p>\n<p>En Vives Emprende dirigimos y acompa\u00f1amos de forma personalizada a las personas participantes en sus proyectos de emprendimiento. En Vives Emplea trabajamos las competencias y habilidades personales y profesionales para la b\u00fasqueda de empleo. La metodolog\u00eda de trabajo en equipo con grupos heterog\u00e9neos facilita la creaci\u00f3n de redes y oportunidades. Vives Emplea Saludable, adem\u00e1s, promueve el bienestar f\u00edsico, mental, emocional y social.<\/p>\n<p><span>\u00a0<\/span><\/p>\n<p>[\/et_pb_blurb][et_pb_blurb title=\u00bbActividades\u00bb use_icon=\u00bbon\u00bb font_icon=\u00bb%%259%%\u00bb icon_color=\u00bb#FF8E2E\u00bb icon_placement=\u00bbleft\u00bb _builder_version=\u00bb4.10.8&#8243; _module_preset=\u00bbdefault\u00bb header_font=\u00bb|600|||||||\u00bb header_line_height=\u00bb2em\u00bb global_colors_info=\u00bb{}\u00bb]<\/p>\n<p><span>Adem\u00e1s de nuestros proyectos, organizamos diferentes talleres relacionados con el empleo y el emprendimiento durante todo el a\u00f1o:<\/span><\/p>\n<ul>\n<li><span>Comercio online, creaci\u00f3n de empresas online, marketing y marca personal <\/span><\/li>\n<li><span>C\u00f3mo emprender siendo joven<\/span><\/li>\n<li><span>Claves para tu b\u00fasqueda de empleo<\/span><\/li>\n<li><span>P\u00edldoras saludables: la receta perfecta para encontrar empleo<\/span><\/li>\n<\/ul>\n<p><span>\u00a0<\/span><\/p>\n<p>[\/et_pb_blurb][et_pb_divider color=\u00bb#ff8f1d\u00bb _builder_version=\u00bb4.10.8&#8243; _module_preset=\u00bbdefault\u00bb custom_margin=\u00bb50px||||false|false\u00bb global_colors_info=\u00bb{}\u00bb][\/et_pb_divider][\/et_pb_column][\/et_pb_row][\/et_pb_section]<\/p>\n","protected":false},"excerpt":{"rendered":"<p>En Espa\u00f1a, Acci\u00f3n contra el Hambre lleva a cabo proyectos de innovaci\u00f3n social dirigidos a mejorar la empleabilidad y facilitar la inserci\u00f3n laboral de personas desempleadas en b\u00fasqueda activa de empleo, ya sea por cuenta ajena (Vives Emplea) o por cuenta propia (Vives Emprende).Direcci\u00f3n Calle Marcelina, 3, 28029, Madrid www.accioncontraelhambre.org\/esContacto Tel:\u00a0910 51 22 84 Email: [&hellip;]<\/p>\n","protected":false},"author":3,"featured_media":716,"comment_status":"open","ping_status":"open","sticky":false,"template":"","format":"standard","meta":{"_et_pb_use_builder":"on","_et_pb_old_content":"","_et_gb_content_width":"","footnotes":""},"categories":[2],"tags":[],"class_list":["post-715","post","type-post","status-publish","format-standard","has-post-thumbnail","hentry","category-entidad"],"_links":{"self":[{"href":"https:\/\/feriaentidadestetuan.com\/index.php?rest_route=\/wp\/v2\/posts\/715","targetHints":{"allow":["GET"]}}],"collection":[{"href":"https:\/\/feriaentidadestetuan.com\/index.php?rest_route=\/wp\/v2\/posts"}],"about":[{"href":"https:\/\/feriaentidadestetuan.com\/index.php?rest_route=\/wp\/v2\/types\/post"}],"author":[{"embeddable":true,"href":"https:\/\/feriaentidadestetuan.com\/index.php?rest_route=\/wp\/v2\/users\/3"}],"replies":[{"embeddable":true,"href":"https:\/\/feriaentidadestetuan.com\/index.php?rest_route=%2Fwp%2Fv2%2Fcomments&post=715"}],"version-history":[{"count":9,"href":"https:\/\/feriaentidadestetuan.com\/index.php?rest_route=\/wp\/v2\/posts\/715\/revisions"}],"predecessor-version":[{"id":810,"href":"https:\/\/feriaentidadestetuan.com\/index.php?rest_route=\/wp\/v2\/posts\/715\/revisions\/810"}],"wp:featuredmedia":[{"embeddable":true,"href":"https:\/\/feriaentidadestetuan.com\/index.php?rest_route=\/wp\/v2\/media\/716"}],"wp:attachment":[{"href":"https:\/\/feriaentidadestetuan.com\/index.php?rest_route=%2Fwp%2Fv2%2Fmedia&parent=715"}],"wp:term":[{"taxonomy":"category","embeddable":true,"href":"https:\/\/feriaentidadestetuan.com\/index.php?rest_route=%2Fwp%2Fv2%2Fcategories&post=715"},{"taxonomy":"post_tag","embeddable":true,"href":"https:\/\/feriaentidadestetuan.com\/index.php?rest_route=%2Fwp%2Fv2%2Ftags&post=715"}],"curies":[{"name":"wp","href":"https:\/\/api.w.org\/{rel}","templated":true}]}}