{"id":661,"date":"2022-08-03T17:08:08","date_gmt":"2022-08-03T17:08:08","guid":{"rendered":"https:\/\/feriaentidadestetuan.com\/?p=661"},"modified":"2022-08-11T23:13:16","modified_gmt":"2022-08-11T23:13:16","slug":"ecosol-coop-cosumo-agroecologico-2","status":"publish","type":"post","link":"https:\/\/feriaentidadestetuan.com\/?p=661","title":{"rendered":"CRUZ ROJA"},"content":{"rendered":"\n[et_pb_section fb_built=\u00bb1&#8243; _builder_version=\u00bb4.10.8&#8243; _module_preset=\u00bbdefault\u00bb global_colors_info=\u00bb{}\u00bb][et_pb_row _builder_version=\u00bb4.10.7&#8243; _module_preset=\u00bbdefault\u00bb global_colors_info=\u00bb{}\u00bb][et_pb_column type=\u00bb4_4&#8243; _builder_version=\u00bb4.10.7&#8243; _module_preset=\u00bbdefault\u00bb global_colors_info=\u00bb{}\u00bb][et_pb_image src=\u00bbhttps:\/\/feriaentidadestetuan.com\/wp-content\/uploads\/2022\/08\/CR-ES-Horizontal-RGB-1-Flor-Catalun\u0303a.png\u00bb title_text=\u00bbCR-ES-Horizontal-RGB (1) &#8211; Flor Catalun\u0303a\u00bb _builder_version=\u00bb4.10.8&#8243; _module_preset=\u00bbdefault\u00bb width=\u00bb396px\u00bb module_alignment=\u00bbcenter\u00bb global_colors_info=\u00bb{}\u00bb][\/et_pb_image][\/et_pb_column][\/et_pb_row][\/et_pb_section][et_pb_section fb_built=\u00bb1&#8243; _builder_version=\u00bb4.10.8&#8243; _module_preset=\u00bbdefault\u00bb global_colors_info=\u00bb{}\u00bb][et_pb_row _builder_version=\u00bb4.10.8&#8243; _module_preset=\u00bbdefault\u00bb global_colors_info=\u00bb{}\u00bb][et_pb_column type=\u00bb4_4&#8243; _builder_version=\u00bb4.10.8&#8243; _module_preset=\u00bbdefault\u00bb global_colors_info=\u00bb{}\u00bb][et_pb_text _builder_version=\u00bb4.10.8&#8243; _module_preset=\u00bbdefault\u00bb custom_padding=\u00bb20px|20px|20px|20px|true|true\u00bb border_width_left=\u00bb2px\u00bb border_color_left=\u00bb#ff8f1d\u00bb global_colors_info=\u00bb{}\u00bb]<p><span>Cruz Roja es una instituci\u00f3n humanitaria de car\u00e1cter voluntario y de inter\u00e9s publico, su prop\u00f3sito es proteger la vida y estar cada vez mas cerca de las personas que lo necesitan<\/span><\/p>[\/et_pb_text][\/et_pb_column][\/et_pb_row][\/et_pb_section][et_pb_section fb_built=\u00bb1&#8243; _builder_version=\u00bb4.10.8&#8243; _module_preset=\u00bbdefault\u00bb custom_padding=\u00bb0px|||||\u00bb global_colors_info=\u00bb{}\u00bb][et_pb_row _builder_version=\u00bb4.10.8&#8243; _module_preset=\u00bbdefault\u00bb global_colors_info=\u00bb{}\u00bb][et_pb_column type=\u00bb4_4&#8243; _builder_version=\u00bb4.10.8&#8243; _module_preset=\u00bbdefault\u00bb global_colors_info=\u00bb{}\u00bb][et_pb_image src=\u00bbhttps:\/\/feriaentidadestetuan.com\/wp-content\/uploads\/2022\/08\/imagen_feria-Flor-Catalun\u0303a.png\u00bb title_text=\u00bbimagen_feria &#8211; Flor Catalun\u0303a\u00bb _builder_version=\u00bb4.10.8&#8243; _module_preset=\u00bbdefault\u00bb global_colors_info=\u00bb{}\u00bb][\/et_pb_image][\/et_pb_column][\/et_pb_row][\/et_pb_section][et_pb_section fb_built=\u00bb1&#8243; _builder_version=\u00bb3.22&#8243; global_colors_info=\u00bb{}\u00bb][et_pb_row column_structure=\u00bb1_2,1_2&#8243; _builder_version=\u00bb3.25&#8243; background_size=\u00bbinitial\u00bb background_position=\u00bbtop_left\u00bb background_repeat=\u00bbrepeat\u00bb global_colors_info=\u00bb{}\u00bb][et_pb_column type=\u00bb1_2&#8243; _builder_version=\u00bb3.25&#8243; custom_padding=\u00bb|||\u00bb global_colors_info=\u00bb{}\u00bb custom_padding__hover=\u00bb|||\u00bb][et_pb_text _builder_version=\u00bb4.10.8&#8243; background_size=\u00bbinitial\u00bb background_position=\u00bbtop_left\u00bb background_repeat=\u00bbrepeat\u00bb global_colors_info=\u00bb{}\u00bb]<h2>Direcci\u00f3n<\/h2>\n<p><span><\/span>Doctor Santero 18, 28039 Madrid<\/p>\n<p><a href=\"https:\/\/twitter.com\/cruzrojaesp\"><span><a href=\"https:\/\/www.facebook.com\/cruzrojamadrid\/\">facebook CRUZ ROJA MADRID<\/a><\/span><\/a><\/p>\n<p><a href=\"https:\/\/twitter.com\/cruzrojaesp\">twitter CRUZ ROJA<\/a><span><\/span><\/p>[\/et_pb_text][\/et_pb_column][et_pb_column type=\u00bb1_2&#8243; _builder_version=\u00bb3.25&#8243; custom_padding=\u00bb|||\u00bb global_colors_info=\u00bb{}\u00bb custom_padding__hover=\u00bb|||\u00bb][et_pb_text _builder_version=\u00bb4.10.8&#8243; background_size=\u00bbinitial\u00bb background_position=\u00bbtop_left\u00bb background_repeat=\u00bbrepeat\u00bb global_colors_info=\u00bb{}\u00bb]<h2>Contacto<\/h2>\n<p><span>Telf: 913609663\/ 627018732<br \/><\/span><\/p>\n<p><span>Email: <a href=\"flor.cataluna@cruzroja.es\">flor.cataluna@cruzroja.es<\/a> <br \/><\/span><\/p>[\/et_pb_text][\/et_pb_column][\/et_pb_row][\/et_pb_section][et_pb_section fb_built=\u00bb1&#8243; _builder_version=\u00bb4.10.7&#8243; _module_preset=\u00bbdefault\u00bb global_colors_info=\u00bb{}\u00bb][et_pb_row _builder_version=\u00bb4.10.7&#8243; _module_preset=\u00bbdefault\u00bb global_colors_info=\u00bb{}\u00bb][et_pb_column type=\u00bb4_4&#8243; _builder_version=\u00bb4.10.7&#8243; _module_preset=\u00bbdefault\u00bb global_colors_info=\u00bb{}\u00bb][et_pb_blurb title=\u00bbActividades\u00bb use_icon=\u00bbon\u00bb font_icon=\u00bb%%259%%\u00bb icon_color=\u00bb#FF8E2E\u00bb icon_placement=\u00bbleft\u00bb _builder_version=\u00bb4.10.8&#8243; _module_preset=\u00bbdefault\u00bb header_font=\u00bb|600|||||||\u00bb header_line_height=\u00bb2em\u00bb global_colors_info=\u00bb{}\u00bb]<p>Voluntariado, Teleasistencia,\u00a0 Atenci\u00f3n a personas con funciones cognitivas deterioradas, envejecimiento saludable, Red social \u00abenr\u00e9date\u00bb<\/p>[\/et_pb_blurb][et_pb_blurb title=\u00bbProyectos\u00bb use_icon=\u00bbon\u00bb font_icon=\u00bb%%259%%\u00bb icon_color=\u00bb#FF8E2E\u00bb icon_placement=\u00bbleft\u00bb _builder_version=\u00bb4.10.8&#8243; _module_preset=\u00bbdefault\u00bb header_font=\u00bb|600|||||||\u00bb header_line_height=\u00bb2em\u00bb global_colors_info=\u00bb{}\u00bb]<p>Proyectos de Empleo, , Atenci\u00f3n urgente a necesidades b\u00e1sicas, Salud, Juventud, Mujer , Mayores, Integraci\u00f3n de inmigrantes, , Voluntariado, \u00c9xito escolar.<\/p>[\/et_pb_blurb][\/et_pb_column][\/et_pb_row][\/et_pb_section]\n","protected":false},"excerpt":{"rendered":"<p>Cruz Roja es una instituci\u00f3n humanitaria de car\u00e1cter voluntario y de inter\u00e9s publico, su prop\u00f3sito es proteger la vida y estar cada vez mas cerca de las personas que lo necesitanDirecci\u00f3n Doctor Santero 18, 28039 Madrid facebook CRUZ ROJA MADRID twitter CRUZ ROJAContacto Telf: 913609663\/ 627018732 Email: flor.cataluna@cruzroja.es Voluntariado, Teleasistencia,\u00a0 Atenci\u00f3n a personas con funciones [&hellip;]<\/p>\n","protected":false},"author":3,"featured_media":733,"comment_status":"open","ping_status":"open","sticky":false,"template":"","format":"standard","meta":{"_et_pb_use_builder":"on","_et_pb_old_content":"","_et_gb_content_width":"","footnotes":""},"categories":[2],"tags":[],"class_list":["post-661","post","type-post","status-publish","format-standard","has-post-thumbnail","hentry","category-entidad"],"_links":{"self":[{"href":"https:\/\/feriaentidadestetuan.com\/index.php?rest_route=\/wp\/v2\/posts\/661","targetHints":{"allow":["GET"]}}],"collection":[{"href":"https:\/\/feriaentidadestetuan.com\/index.php?rest_route=\/wp\/v2\/posts"}],"about":[{"href":"https:\/\/feriaentidadestetuan.com\/index.php?rest_route=\/wp\/v2\/types\/post"}],"author":[{"embeddable":true,"href":"https:\/\/feriaentidadestetuan.com\/index.php?rest_route=\/wp\/v2\/users\/3"}],"replies":[{"embeddable":true,"href":"https:\/\/feriaentidadestetuan.com\/index.php?rest_route=%2Fwp%2Fv2%2Fcomments&post=661"}],"version-history":[{"count":13,"href":"https:\/\/feriaentidadestetuan.com\/index.php?rest_route=\/wp\/v2\/posts\/661\/revisions"}],"predecessor-version":[{"id":734,"href":"https:\/\/feriaentidadestetuan.com\/index.php?rest_route=\/wp\/v2\/posts\/661\/revisions\/734"}],"wp:featuredmedia":[{"embeddable":true,"href":"https:\/\/feriaentidadestetuan.com\/index.php?rest_route=\/wp\/v2\/media\/733"}],"wp:attachment":[{"href":"https:\/\/feriaentidadestetuan.com\/index.php?rest_route=%2Fwp%2Fv2%2Fmedia&parent=661"}],"wp:term":[{"taxonomy":"category","embeddable":true,"href":"https:\/\/feriaentidadestetuan.com\/index.php?rest_route=%2Fwp%2Fv2%2Fcategories&post=661"},{"taxonomy":"post_tag","embeddable":true,"href":"https:\/\/feriaentidadestetuan.com\/index.php?rest_route=%2Fwp%2Fv2%2Ftags&post=661"}],"curies":[{"name":"wp","href":"https:\/\/api.w.org\/{rel}","templated":true}]}}