{"id":363,"date":"2021-09-29T09:36:48","date_gmt":"2021-09-29T09:36:48","guid":{"rendered":"https:\/\/feriaentidadestetuan.com\/?p=363"},"modified":"2023-07-21T08:28:13","modified_gmt":"2023-07-21T08:28:13","slug":"aspasi-asociacion-para-la-sanacion-y-prevencion-del-abuso-sexual-infantil","status":"publish","type":"post","link":"https:\/\/feriaentidadestetuan.com\/?p=363","title":{"rendered":"ASPASI (Asociaci\u00f3n para la Sanaci\u00f3n y Prevenci\u00f3n del Abuso Sexual Infantil)"},"content":{"rendered":"<p>[et_pb_section fb_built=\u00bb1&#8243; _builder_version=\u00bb4.10.7&#8243; _module_preset=\u00bbdefault\u00bb global_colors_info=\u00bb{}\u00bb][et_pb_row _builder_version=\u00bb4.10.7&#8243; _module_preset=\u00bbdefault\u00bb global_colors_info=\u00bb{}\u00bb][et_pb_column type=\u00bb4_4&#8243; _builder_version=\u00bb4.10.7&#8243; _module_preset=\u00bbdefault\u00bb global_colors_info=\u00bb{}\u00bb][et_pb_image src=\u00bbhttps:\/\/feriaentidadestetuan.com\/wp-content\/uploads\/2023\/07\/ASPASI-LOGO-TRANSPARENCIA-ASPASI.png\u00bb title_text=\u00bbASPASI LOGO TRANSPARENCIA &#8211; ASPASI\u00bb _builder_version=\u00bb4.10.8&#8243; _module_preset=\u00bbdefault\u00bb width=\u00bb300px\u00bb module_alignment=\u00bbcenter\u00bb global_colors_info=\u00bb{}\u00bb][\/et_pb_image][\/et_pb_column][\/et_pb_row][\/et_pb_section][et_pb_section fb_built=\u00bb1&#8243; _builder_version=\u00bb4.10.8&#8243; _module_preset=\u00bbdefault\u00bb global_colors_info=\u00bb{}\u00bb][et_pb_row _builder_version=\u00bb4.10.8&#8243; _module_preset=\u00bbdefault\u00bb global_colors_info=\u00bb{}\u00bb][et_pb_column type=\u00bb4_4&#8243; _builder_version=\u00bb4.10.8&#8243; _module_preset=\u00bbdefault\u00bb global_colors_info=\u00bb{}\u00bb][et_pb_text _builder_version=\u00bb4.10.8&#8243; _module_preset=\u00bbdefault\u00bb custom_padding=\u00bb20px|20px|20px|20px|true|true\u00bb border_width_left=\u00bb2px\u00bb border_color_left=\u00bb#ff8f1d\u00bb global_colors_info=\u00bb{}\u00bb]<\/p>\n<p><span>Aspasi trabaja por la prevenci\u00f3n de la violencia hacia la infancia y adolescencia, por el bienestar del mundo de los ni\u00f1os, ni\u00f1as y adolescentes. <\/span><\/p>\n<p>[\/et_pb_text][\/et_pb_column][\/et_pb_row][\/et_pb_section][et_pb_section fb_built=\u00bb1&#8243; _builder_version=\u00bb3.22&#8243; global_colors_info=\u00bb{}\u00bb][et_pb_row _builder_version=\u00bb4.10.8&#8243; _module_preset=\u00bbdefault\u00bb global_colors_info=\u00bb{}\u00bb][et_pb_column type=\u00bb4_4&#8243; _builder_version=\u00bb4.10.8&#8243; _module_preset=\u00bbdefault\u00bb global_colors_info=\u00bb{}\u00bb][et_pb_video src=\u00bbhttps:\/\/feriaentidadestetuan.com\/wp-content\/uploads\/2023\/07\/Video-informativo-sobre-la-importancia-de-prevenir-el-ASI-ASPASI.mp4&#8243; _builder_version=\u00bb4.10.8&#8243; _module_preset=\u00bbdefault\u00bb hover_enabled=\u00bb0&#8243; global_colors_info=\u00bb{}\u00bb src__hover_enabled=\u00bboff|desktop\u00bb title_text=\u00bbVideo informativo sobre la importancia de prevenir el ASI &#8211; ASPASI\u00bb sticky_enabled=\u00bb0&#8243;][\/et_pb_video][\/et_pb_column][\/et_pb_row][\/et_pb_section][et_pb_section fb_built=\u00bb1&#8243; _builder_version=\u00bb3.22&#8243; global_colors_info=\u00bb{}\u00bb][et_pb_row column_structure=\u00bb1_2,1_2&#8243; _builder_version=\u00bb3.25&#8243; background_size=\u00bbinitial\u00bb background_position=\u00bbtop_left\u00bb background_repeat=\u00bbrepeat\u00bb global_colors_info=\u00bb{}\u00bb][et_pb_column type=\u00bb1_2&#8243; _builder_version=\u00bb3.25&#8243; custom_padding=\u00bb|||\u00bb global_colors_info=\u00bb{}\u00bb custom_padding__hover=\u00bb|||\u00bb][et_pb_text _builder_version=\u00bb4.10.8&#8243; background_size=\u00bbinitial\u00bb background_position=\u00bbtop_left\u00bb background_repeat=\u00bbrepeat\u00bb global_colors_info=\u00bb{}\u00bb]<\/p>\n<h2>Direcci\u00f3n<\/h2>\n<p><span>C\/ San Raimundo N\u00ba27 <\/span><\/p>\n<p><span data-sheets-value=\"{&quot;1&quot;:2,&quot;2&quot;:&quot;Calle Bravo Murillo, 133 3\u00aa y 4\u00aa planta (entrada por Juan Pantoja, 2)&quot;}\" data-sheets-userformat=\"{&quot;2&quot;:769,&quot;3&quot;:{&quot;1&quot;:0},&quot;11&quot;:4,&quot;12&quot;:0}\"><a href=\"https:\/\/aspasi.org\/\" class=\"waffle-rich-text-link\">aspasi.org<\/a><\/span><\/p>\n<p>[\/et_pb_text][\/et_pb_column][et_pb_column type=\u00bb1_2&#8243; _builder_version=\u00bb3.25&#8243; custom_padding=\u00bb|||\u00bb global_colors_info=\u00bb{}\u00bb custom_padding__hover=\u00bb|||\u00bb][et_pb_text _builder_version=\u00bb4.10.8&#8243; background_size=\u00bbinitial\u00bb background_position=\u00bbtop_left\u00bb background_repeat=\u00bbrepeat\u00bb global_colors_info=\u00bb{}\u00bb]<\/p>\n<h2>Contacto<\/h2>\n<p><span>Tel: 610 28 08 54<\/span><\/p>\n<p>Email: <span><a href=\"mailto:info@aspasi.org\">info@aspasi.org<\/a><\/span><span><\/span><\/p>\n<p>&nbsp;<\/p>\n<p>[\/et_pb_text][\/et_pb_column][\/et_pb_row][\/et_pb_section][et_pb_section fb_built=\u00bb1&#8243; _builder_version=\u00bb4.10.7&#8243; _module_preset=\u00bbdefault\u00bb global_colors_info=\u00bb{}\u00bb][et_pb_row _builder_version=\u00bb4.10.7&#8243; _module_preset=\u00bbdefault\u00bb global_colors_info=\u00bb{}\u00bb][et_pb_column type=\u00bb4_4&#8243; _builder_version=\u00bb4.10.7&#8243; _module_preset=\u00bbdefault\u00bb global_colors_info=\u00bb{}\u00bb][et_pb_blurb title=\u00bbActividades\u00bb use_icon=\u00bbon\u00bb font_icon=\u00bb%%259%%\u00bb icon_color=\u00bb#FF8E2E\u00bb icon_placement=\u00bbleft\u00bb _builder_version=\u00bb4.10.8&#8243; _module_preset=\u00bbdefault\u00bb header_font=\u00bb|600|||||||\u00bb header_line_height=\u00bb2em\u00bb global_colors_info=\u00bb{}\u00bb]<\/p>\n<ul>\n<li><span>Terapia para ni\u00f1os y adultos\u00a0<\/span><\/li>\n<li><span> Taller del ni\u00f1o interior <\/span><\/li>\n<li><span>Talleres y charlas para padres y madres<\/span><\/li>\n<li><span>Talleres para ni\u00f1os y adolescentes<\/span><\/li>\n<li><span>Charlas informativas para padres, madres y dem\u00e1s. <\/span><\/li>\n<li><span>Talleres y formaciones con convenio con Centro de profesionales de la salud mental.<\/span><\/li>\n<li><span>Charlas informativas sobre la importancia de las herramientas de prevenci\u00f3n y detecci\u00f3n de la violencia hacia la infancia y adolescencia.<\/span><\/li>\n<\/ul>\n<p>[\/et_pb_blurb][et_pb_divider color=\u00bb#ff8f1d\u00bb _builder_version=\u00bb4.10.8&#8243; _module_preset=\u00bbdefault\u00bb custom_margin=\u00bb50px||||false|false\u00bb global_colors_info=\u00bb{}\u00bb][\/et_pb_divider][et_pb_blurb title=\u00bbProyectos\u00bb use_icon=\u00bbon\u00bb font_icon=\u00bb%%234%%\u00bb icon_color=\u00bb#FF8E2E\u00bb icon_placement=\u00bbleft\u00bb _builder_version=\u00bb4.10.8&#8243; _module_preset=\u00bbdefault\u00bb header_font=\u00bb|600|||||||\u00bb header_line_height=\u00bb2em\u00bb custom_margin=\u00bb||||false|false\u00bb global_colors_info=\u00bb{}\u00bb]<\/p>\n<ul>\n<li><span>Concienciar y sensibilizar de la existencia de los abusos sexuales a menores a trav\u00e9s de los talleres que se realizan en la asociaci\u00f3n y que est\u00e1n elaborados por especialistas para las diferentes edades, concienciar de la magnitud de su frecuencia, de los sentimientos por los que pasan los ni\u00f1os abusados y de las consecuencias tan graves que pueden manifestarse a largo plazo (anorexia, bulimia, depresiones, psicosis, prostituci\u00f3n, drogadicci\u00f3n, autolesiones, suicidio, etc.) <\/span><\/li>\n<li><span>Romper el silencio que afecta a un alto porcentaje de ni\u00f1os y ni\u00f1as, pero tambi\u00e9n de adultos que lo sufrieron en su infancia y que todav\u00eda no se han podido recuperar de sus secuelas porque en su momento no fueron escuchados y atendidos. <\/span><\/li>\n<li><span>Ense\u00f1ar a los ni\u00f1os y ni\u00f1as a protegerse ellos mismos de estos abusos, d\u00e1ndoles herramientas para reconocerlos y saber decir que NO a tiempo; o bien, si se han producido, animarlos a cont\u00e1rselo cuanto antes a una persona de su confianza para que le d\u00e9 soluci\u00f3n al problema, reduciendo al m\u00ednimo las secuelas. <\/span><\/li>\n<li><span>Ofrecer actividades destinadas a acoger y a ayudar a sanar a las personas que han sido v\u00edctimas de ASI y que a\u00fan tienen secuelas que no les permiten disfrutar de su vida con plenitud. <\/span><\/li>\n<\/ul>\n<p>[\/et_pb_blurb][\/et_pb_column][\/et_pb_row][\/et_pb_section]<\/p>\n","protected":false},"excerpt":{"rendered":"<p>Aspasi trabaja por la prevenci\u00f3n de la violencia hacia la infancia y adolescencia, por el bienestar del mundo de los ni\u00f1os, ni\u00f1as y adolescentes. Direcci\u00f3n C\/ San Raimundo N\u00ba27 aspasi.orgContacto Tel: 610 28 08 54 Email: info@aspasi.org &nbsp; Terapia para ni\u00f1os y adultos\u00a0 Taller del ni\u00f1o interior Talleres y charlas para padres y madres Talleres [&hellip;]<\/p>\n","protected":false},"author":3,"featured_media":364,"comment_status":"open","ping_status":"open","sticky":false,"template":"","format":"standard","meta":{"_et_pb_use_builder":"on","_et_pb_old_content":"","_et_gb_content_width":"","footnotes":""},"categories":[2],"tags":[],"class_list":["post-363","post","type-post","status-publish","format-standard","has-post-thumbnail","hentry","category-entidad"],"_links":{"self":[{"href":"https:\/\/feriaentidadestetuan.com\/index.php?rest_route=\/wp\/v2\/posts\/363","targetHints":{"allow":["GET"]}}],"collection":[{"href":"https:\/\/feriaentidadestetuan.com\/index.php?rest_route=\/wp\/v2\/posts"}],"about":[{"href":"https:\/\/feriaentidadestetuan.com\/index.php?rest_route=\/wp\/v2\/types\/post"}],"author":[{"embeddable":true,"href":"https:\/\/feriaentidadestetuan.com\/index.php?rest_route=\/wp\/v2\/users\/3"}],"replies":[{"embeddable":true,"href":"https:\/\/feriaentidadestetuan.com\/index.php?rest_route=%2Fwp%2Fv2%2Fcomments&post=363"}],"version-history":[{"count":9,"href":"https:\/\/feriaentidadestetuan.com\/index.php?rest_route=\/wp\/v2\/posts\/363\/revisions"}],"predecessor-version":[{"id":1026,"href":"https:\/\/feriaentidadestetuan.com\/index.php?rest_route=\/wp\/v2\/posts\/363\/revisions\/1026"}],"wp:featuredmedia":[{"embeddable":true,"href":"https:\/\/feriaentidadestetuan.com\/index.php?rest_route=\/wp\/v2\/media\/364"}],"wp:attachment":[{"href":"https:\/\/feriaentidadestetuan.com\/index.php?rest_route=%2Fwp%2Fv2%2Fmedia&parent=363"}],"wp:term":[{"taxonomy":"category","embeddable":true,"href":"https:\/\/feriaentidadestetuan.com\/index.php?rest_route=%2Fwp%2Fv2%2Fcategories&post=363"},{"taxonomy":"post_tag","embeddable":true,"href":"https:\/\/feriaentidadestetuan.com\/index.php?rest_route=%2Fwp%2Fv2%2Ftags&post=363"}],"curies":[{"name":"wp","href":"https:\/\/api.w.org\/{rel}","templated":true}]}}