{"id":349,"date":"2021-09-29T09:26:04","date_gmt":"2021-09-29T09:26:04","guid":{"rendered":"https:\/\/feriaentidadestetuan.com\/?p=349"},"modified":"2022-08-03T16:54:33","modified_gmt":"2022-08-03T16:54:33","slug":"ong-ecos-do-sur","status":"publish","type":"post","link":"https:\/\/feriaentidadestetuan.com\/?p=349","title":{"rendered":"ONG Ecos do Sur"},"content":{"rendered":"<p>[et_pb_section fb_built=\u00bb1&#8243; _builder_version=\u00bb4.10.7&#8243; _module_preset=\u00bbdefault\u00bb global_colors_info=\u00bb{}\u00bb][et_pb_row _builder_version=\u00bb4.10.7&#8243; _module_preset=\u00bbdefault\u00bb global_colors_info=\u00bb{}\u00bb][et_pb_column type=\u00bb4_4&#8243; _builder_version=\u00bb4.10.7&#8243; _module_preset=\u00bbdefault\u00bb global_colors_info=\u00bb{}\u00bb][et_pb_image src=\u00bbhttps:\/\/feriaentidadestetuan.com\/wp-content\/uploads\/2021\/09\/Logo_EcosdoSur_2021-Madrid-Ecos-do-Sur.png\u00bb title_text=\u00bbLogo_EcosdoSur_2021 &#8211; Madrid Ecos do Sur\u00bb _builder_version=\u00bb4.10.8&#8243; _module_preset=\u00bbdefault\u00bb width=\u00bb300px\u00bb module_alignment=\u00bbcenter\u00bb global_colors_info=\u00bb{}\u00bb][\/et_pb_image][\/et_pb_column][\/et_pb_row][\/et_pb_section][et_pb_section fb_built=\u00bb1&#8243; _builder_version=\u00bb4.10.8&#8243; _module_preset=\u00bbdefault\u00bb global_colors_info=\u00bb{}\u00bb][et_pb_row _builder_version=\u00bb4.10.8&#8243; _module_preset=\u00bbdefault\u00bb global_colors_info=\u00bb{}\u00bb][et_pb_column type=\u00bb4_4&#8243; _builder_version=\u00bb4.10.8&#8243; _module_preset=\u00bbdefault\u00bb global_colors_info=\u00bb{}\u00bb][et_pb_text _builder_version=\u00bb4.10.8&#8243; _module_preset=\u00bbdefault\u00bb custom_padding=\u00bb20px|20px|20px|20px|true|true\u00bb border_width_left=\u00bb2px\u00bb border_color_left=\u00bb#ff8f1d\u00bb global_colors_info=\u00bb{}\u00bb]<\/p>\n<p><span>ECOS DO SUR es una entidad sin \u00e1nimo de lucro, de Utilidad P\u00fablica, que desde 1991 trabaja para que las migraciones fructifiquen en una sociedad m\u00e1s pr\u00f3spera, justa y orgullosa de su diversidad. Nos dirigimos a personas en riesgo de exclusi\u00f3n social especialmente a personas migrantes (inmigrantes, emigrantes retornadas, refugiadas, asiladas), tambi\u00e9n a mujeres (con especial atenci\u00f3n a situaciones de violencia de g\u00e9nero, y trata con fines de explotaci\u00f3n sexual..) y a personas en situaci\u00f3n de desempleo. (perceptores de prestaciones, desempleo de larga duraci\u00f3n)<\/span><\/p>\n<p>[\/et_pb_text][\/et_pb_column][\/et_pb_row][\/et_pb_section][et_pb_section fb_built=\u00bb1&#8243; _builder_version=\u00bb4.10.8&#8243; _module_preset=\u00bbdefault\u00bb custom_padding=\u00bb0px|||||\u00bb global_colors_info=\u00bb{}\u00bb][et_pb_row _builder_version=\u00bb4.10.8&#8243; _module_preset=\u00bbdefault\u00bb global_colors_info=\u00bb{}\u00bb][et_pb_column type=\u00bb4_4&#8243; _builder_version=\u00bb4.10.8&#8243; _module_preset=\u00bbdefault\u00bb global_colors_info=\u00bb{}\u00bb][et_pb_video src=\u00bbhttps:\/\/www.youtube.com\/watch?v=fBUmQObkzrA\u00bb _builder_version=\u00bb4.10.8&#8243; _module_preset=\u00bbdefault\u00bb global_colors_info=\u00bb{}\u00bb][\/et_pb_video][\/et_pb_column][\/et_pb_row][\/et_pb_section][et_pb_section fb_built=\u00bb1&#8243; _builder_version=\u00bb3.22&#8243; global_colors_info=\u00bb{}\u00bb][et_pb_row column_structure=\u00bb1_2,1_2&#8243; _builder_version=\u00bb3.25&#8243; background_size=\u00bbinitial\u00bb background_position=\u00bbtop_left\u00bb background_repeat=\u00bbrepeat\u00bb global_colors_info=\u00bb{}\u00bb][et_pb_column type=\u00bb1_2&#8243; _builder_version=\u00bb3.25&#8243; custom_padding=\u00bb|||\u00bb global_colors_info=\u00bb{}\u00bb custom_padding__hover=\u00bb|||\u00bb][et_pb_text _builder_version=\u00bb4.10.8&#8243; background_size=\u00bbinitial\u00bb background_position=\u00bbtop_left\u00bb background_repeat=\u00bbrepeat\u00bb global_colors_info=\u00bb{}\u00bb]<\/p>\n<h2>Direcci\u00f3n<\/h2>\n<p><span>Avda Asturias, 45, bajo. Madrid. 28029<\/span><\/p>\n<p><a href=\"http:\/\/www.ecosdosur.org\/\" class=\"waffle-rich-text-link\">www.ecosdosur.org<\/a><\/p>\n<p>[\/et_pb_text][\/et_pb_column][et_pb_column type=\u00bb1_2&#8243; _builder_version=\u00bb3.25&#8243; custom_padding=\u00bb|||\u00bb global_colors_info=\u00bb{}\u00bb custom_padding__hover=\u00bb|||\u00bb][et_pb_text _builder_version=\u00bb4.10.8&#8243; background_size=\u00bbinitial\u00bb background_position=\u00bbtop_left\u00bb background_repeat=\u00bbrepeat\u00bb global_colors_info=\u00bb{}\u00bb]<\/p>\n<h2>Contacto<\/h2>\n<p><span>Tel: 698 123 520<\/span><\/p>\n<p>Email: <span><a href=\"mailto:madrid@ecosdosur.org\">madrid@ecosdosur.org<\/a><\/span><span><\/span><\/p>\n<p>&nbsp;<\/p>\n<p>[\/et_pb_text][\/et_pb_column][\/et_pb_row][\/et_pb_section][et_pb_section fb_built=\u00bb1&#8243; _builder_version=\u00bb4.10.7&#8243; _module_preset=\u00bbdefault\u00bb global_colors_info=\u00bb{}\u00bb][et_pb_row _builder_version=\u00bb4.10.7&#8243; _module_preset=\u00bbdefault\u00bb global_colors_info=\u00bb{}\u00bb][et_pb_column type=\u00bb4_4&#8243; _builder_version=\u00bb4.10.7&#8243; _module_preset=\u00bbdefault\u00bb global_colors_info=\u00bb{}\u00bb][et_pb_blurb title=\u00bbActividades\u00bb use_icon=\u00bbon\u00bb font_icon=\u00bb%%259%%\u00bb icon_color=\u00bb#FF8E2E\u00bb icon_placement=\u00bbleft\u00bb _builder_version=\u00bb4.10.8&#8243; _module_preset=\u00bbdefault\u00bb header_font=\u00bb|600|||||||\u00bb header_line_height=\u00bb2em\u00bb global_colors_info=\u00bb{}\u00bb]<\/p>\n<ul>\n<li><span>Acogida: Detecci\u00f3n de necesidades y prestaci\u00f3n de informaci\u00f3n b\u00e1sica. <\/span><\/li>\n<li><span>Orientaci\u00f3n Laboral individualizada: servicio dedicado espec\u00edficamente al trabajo con personas que buscan activamente empleo desde el que se dise\u00f1an itinerarios personalizados de inserci\u00f3n sociolaboral, herramientas de b\u00fasqueda de empleo, marca personal, curr\u00edculum, etc. <\/span><\/li>\n<li><span>Asesoramiento jur\u00eddico especializado en extranjer\u00eda y empleo: desde este servicio los\/as asesores\/as jur\u00eddicos resuelven las dudas de forma individual. <\/span><\/li>\n<li><span>Asesoramiento social: asesoramiento individual de informaci\u00f3n acerca de la cobertura de necesidades b\u00e1sicas por parte del trabajador social. <\/span><\/li>\n<li><span>Grupos de empleo: informaci\u00f3n acerca de ofertas formativas y laborales a trav\u00e9s de whatsapp. <\/span><\/li>\n<li><span>Formaci\u00f3n prelaboral: talleres formativos de distintas tem\u00e1ticas relacionadas con Orientaci\u00f3n laboral: Entrevistas post-covid, Marca personal, Curr\u00edculum por competencias, Derechos en Empleo de Hogar y Cuidados; Detecci\u00f3n de Ofertas Falsas por Internet, etc.\u00a0<\/span><\/li>\n<li><span> Formaci\u00f3n en Competencias Digitales: cursos de inform\u00e1tica de nivel b\u00e1sico y medio (Excel, word) <\/span><\/li>\n<li><span>Formaci\u00f3n de Acceso Digital: Acceso a tr\u00e1mites online con la administraci\u00f3n, Certificado Digital, Acceso a Plataformas de Teleformaci\u00f3n. <\/span><\/li>\n<li><span>Formaci\u00f3n en Discurso de Odio <\/span><\/li>\n<li><span>Detecci\u00f3n y verificaci\u00f3n de Ofertas Falsas. <\/span><\/li>\n<li><span>Formaci\u00f3n dirigida a personas vinculadas al \u00e1mbito social. <\/span><\/li>\n<li><span>Acciones de Activaci\u00f3n social. <\/span><\/li>\n<li><span>Voluntariado y pr\u00e1cticas. <\/span><\/li>\n<\/ul>\n<p>[\/et_pb_blurb][et_pb_divider color=\u00bb#ff8f1d\u00bb _builder_version=\u00bb4.10.8&#8243; _module_preset=\u00bbdefault\u00bb custom_margin=\u00bb50px||||false|false\u00bb global_colors_info=\u00bb{}\u00bb][\/et_pb_divider][et_pb_blurb title=\u00bbProyectos\u00bb use_icon=\u00bbon\u00bb font_icon=\u00bb%%234%%\u00bb icon_color=\u00bb#FF8E2E\u00bb icon_placement=\u00bbleft\u00bb _builder_version=\u00bb4.10.8&#8243; _module_preset=\u00bbdefault\u00bb header_font=\u00bb|600|||||||\u00bb header_line_height=\u00bb2em\u00bb custom_margin=\u00bb||||false|false\u00bb global_colors_info=\u00bb{}\u00bb]<\/p>\n<ul>\n<li><span>Manos Invisibles: Formaci\u00f3n, inserci\u00f3n sociolaboral y empoderamiento de mujeres vinculadas al empleo de hogar y sector cuidados. Itinerarios especializados, capacitaci\u00f3n prelaboral, derechos en empleo de hogar y cuidados, encuentros con asociaciones de empleo de hogar, etc.<\/span><\/li>\n<\/ul>\n<p><span><\/span><\/p>\n<ul>\n<li><span>Miradas hacia la inclusi\u00f3n: Itinerarios especializados dirigidos a mujeres en riesgo de exclusi\u00f3n social, (migraci\u00f3n, situaciones especialmente vulnerables, desempleo de larga duraci\u00f3n, bajo nivel de competencias digitales). Capacitaci\u00f3n digital y prelaboral. Difusi\u00f3n de ofertas de empleo.<\/span><\/li>\n<\/ul>\n<p><span><\/span><\/p>\n<ul>\n<li><span>Tetu\u00e1n No Calla: Lucha contra la desinformaci\u00f3n y el discurso del odio hacia las personas inmigrantes a trav\u00e9s de acciones de calle y online, ubicadas en Tetu\u00e1n. Esta edici\u00f3n se centra en detecci\u00f3n y verificaci\u00f3n de ofertas falsas.<\/span><\/li>\n<\/ul>\n<p><span><\/span><\/p>\n<ul>\n<li><span>Gimme Hope Madrid y CibeRespect: estrategia de lucha contra el discurso de odio online hacia personas inmigrantes. Formaci\u00f3n y acciones innovadoras relacionadas con la activaci\u00f3n contra el discurso del odio de agentes clave (entidades, educadores, comunicadores..) y personas migrantes, aportando herramientas que los conviertan en agentes transformadores del cambio.<\/span><\/li>\n<\/ul>\n<p>[\/et_pb_blurb][\/et_pb_column][\/et_pb_row][\/et_pb_section]<\/p>\n","protected":false},"excerpt":{"rendered":"<p>ECOS DO SUR es una entidad sin \u00e1nimo de lucro, de Utilidad P\u00fablica, que desde 1991 trabaja para que las migraciones fructifiquen en una sociedad m\u00e1s pr\u00f3spera, justa y orgullosa de su diversidad. Nos dirigimos a personas en riesgo de exclusi\u00f3n social especialmente a personas migrantes (inmigrantes, emigrantes retornadas, refugiadas, asiladas), tambi\u00e9n a mujeres (con [&hellip;]<\/p>\n","protected":false},"author":3,"featured_media":351,"comment_status":"open","ping_status":"open","sticky":false,"template":"","format":"standard","meta":{"_et_pb_use_builder":"on","_et_pb_old_content":"","_et_gb_content_width":"","footnotes":""},"categories":[2],"tags":[],"class_list":["post-349","post","type-post","status-publish","format-standard","has-post-thumbnail","hentry","category-entidad"],"_links":{"self":[{"href":"https:\/\/feriaentidadestetuan.com\/index.php?rest_route=\/wp\/v2\/posts\/349","targetHints":{"allow":["GET"]}}],"collection":[{"href":"https:\/\/feriaentidadestetuan.com\/index.php?rest_route=\/wp\/v2\/posts"}],"about":[{"href":"https:\/\/feriaentidadestetuan.com\/index.php?rest_route=\/wp\/v2\/types\/post"}],"author":[{"embeddable":true,"href":"https:\/\/feriaentidadestetuan.com\/index.php?rest_route=\/wp\/v2\/users\/3"}],"replies":[{"embeddable":true,"href":"https:\/\/feriaentidadestetuan.com\/index.php?rest_route=%2Fwp%2Fv2%2Fcomments&post=349"}],"version-history":[{"count":7,"href":"https:\/\/feriaentidadestetuan.com\/index.php?rest_route=\/wp\/v2\/posts\/349\/revisions"}],"predecessor-version":[{"id":630,"href":"https:\/\/feriaentidadestetuan.com\/index.php?rest_route=\/wp\/v2\/posts\/349\/revisions\/630"}],"wp:featuredmedia":[{"embeddable":true,"href":"https:\/\/feriaentidadestetuan.com\/index.php?rest_route=\/wp\/v2\/media\/351"}],"wp:attachment":[{"href":"https:\/\/feriaentidadestetuan.com\/index.php?rest_route=%2Fwp%2Fv2%2Fmedia&parent=349"}],"wp:term":[{"taxonomy":"category","embeddable":true,"href":"https:\/\/feriaentidadestetuan.com\/index.php?rest_route=%2Fwp%2Fv2%2Fcategories&post=349"},{"taxonomy":"post_tag","embeddable":true,"href":"https:\/\/feriaentidadestetuan.com\/index.php?rest_route=%2Fwp%2Fv2%2Ftags&post=349"}],"curies":[{"name":"wp","href":"https:\/\/api.w.org\/{rel}","templated":true}]}}