{"id":301,"date":"2021-09-22T12:33:02","date_gmt":"2021-09-22T12:33:02","guid":{"rendered":"https:\/\/feriaentidadestetuan.com\/?p=301"},"modified":"2022-08-03T16:55:24","modified_gmt":"2022-08-03T16:55:24","slug":"asociacion-puente-de-esperanza-madrid","status":"publish","type":"post","link":"https:\/\/feriaentidadestetuan.com\/?p=301","title":{"rendered":"Asociaci\u00f3n Puente de Esperanza Madrid"},"content":{"rendered":"<p>[et_pb_section fb_built=\u00bb1&#8243; _builder_version=\u00bb4.10.7&#8243; _module_preset=\u00bbdefault\u00bb global_colors_info=\u00bb{}\u00bb][et_pb_row _builder_version=\u00bb4.10.7&#8243; _module_preset=\u00bbdefault\u00bb global_colors_info=\u00bb{}\u00bb][et_pb_column type=\u00bb4_4&#8243; _builder_version=\u00bb4.10.7&#8243; _module_preset=\u00bbdefault\u00bb global_colors_info=\u00bb{}\u00bb][et_pb_image src=\u00bbhttps:\/\/feriaentidadestetuan.com\/wp-content\/uploads\/2021\/09\/logo-puente-calidad-Asociacion-Puente-de-Esperanza-Madrid.png\u00bb title_text=\u00bblogo puente calidad &#8211; Asociacion Puente de Esperanza Madrid\u00bb _builder_version=\u00bb4.10.8&#8243; _module_preset=\u00bbdefault\u00bb width=\u00bb300px\u00bb module_alignment=\u00bbcenter\u00bb global_colors_info=\u00bb{}\u00bb][\/et_pb_image][\/et_pb_column][\/et_pb_row][\/et_pb_section][et_pb_section fb_built=\u00bb1&#8243; _builder_version=\u00bb4.10.8&#8243; _module_preset=\u00bbdefault\u00bb global_colors_info=\u00bb{}\u00bb][et_pb_row _builder_version=\u00bb4.10.8&#8243; _module_preset=\u00bbdefault\u00bb global_colors_info=\u00bb{}\u00bb][et_pb_column type=\u00bb4_4&#8243; _builder_version=\u00bb4.10.8&#8243; _module_preset=\u00bbdefault\u00bb global_colors_info=\u00bb{}\u00bb][et_pb_text _builder_version=\u00bb4.10.8&#8243; _module_preset=\u00bbdefault\u00bb custom_padding=\u00bb20px|20px|20px|20px|true|true\u00bb border_width_left=\u00bb2px\u00bb border_color_left=\u00bb#ff8f1d\u00bb global_colors_info=\u00bb{}\u00bb]<\/p>\n<p><span>Asociaci\u00f3n Puente de Esperanza trabaja para promover la inclusi\u00f3n social de las personas inmigrantes extranjeras en situaci\u00f3n de vulnerabilidad.<\/span><\/p>\n<p>[\/et_pb_text][\/et_pb_column][\/et_pb_row][\/et_pb_section][et_pb_section fb_built=\u00bb1&#8243; _builder_version=\u00bb4.10.8&#8243; _module_preset=\u00bbdefault\u00bb custom_padding=\u00bb0px|||||\u00bb global_colors_info=\u00bb{}\u00bb][et_pb_row _builder_version=\u00bb4.10.8&#8243; _module_preset=\u00bbdefault\u00bb global_colors_info=\u00bb{}\u00bb][et_pb_column type=\u00bb4_4&#8243; _builder_version=\u00bb4.10.8&#8243; _module_preset=\u00bbdefault\u00bb global_colors_info=\u00bb{}\u00bb][et_pb_video src=\u00bbhttps:\/\/www.youtube.com\/watch?v=Vp2FYnU3FhQ\u00bb _builder_version=\u00bb4.10.8&#8243; _module_preset=\u00bbdefault\u00bb global_colors_info=\u00bb{}\u00bb][\/et_pb_video][\/et_pb_column][\/et_pb_row][\/et_pb_section][et_pb_section fb_built=\u00bb1&#8243; _builder_version=\u00bb3.22&#8243; global_colors_info=\u00bb{}\u00bb][et_pb_row column_structure=\u00bb1_2,1_2&#8243; _builder_version=\u00bb3.25&#8243; background_size=\u00bbinitial\u00bb background_position=\u00bbtop_left\u00bb background_repeat=\u00bbrepeat\u00bb global_colors_info=\u00bb{}\u00bb][et_pb_column type=\u00bb1_2&#8243; _builder_version=\u00bb3.25&#8243; custom_padding=\u00bb|||\u00bb global_colors_info=\u00bb{}\u00bb custom_padding__hover=\u00bb|||\u00bb][et_pb_text _builder_version=\u00bb4.10.8&#8243; background_size=\u00bbinitial\u00bb background_position=\u00bbtop_left\u00bb background_repeat=\u00bbrepeat\u00bb global_colors_info=\u00bb{}\u00bb]<\/p>\n<h2>Direcci\u00f3n<\/h2>\n<p>Calle Villaamil 48, 28039 Madrid<\/p>\n<p><span data-sheets-value=\"{&quot;1&quot;:2,&quot;2&quot;:&quot;Calle Bravo Murillo, 133 3\u00aa y 4\u00aa planta (entrada por Juan Pantoja, 2)&quot;}\" data-sheets-userformat=\"{&quot;2&quot;:769,&quot;3&quot;:{&quot;1&quot;:0},&quot;11&quot;:4,&quot;12&quot;:0}\"><a href=\"https:\/\/www.puentedeesperanza.es\/\" class=\"waffle-rich-text-link\">puentedeesperanza.es<\/a><\/span><\/p>\n<p>[\/et_pb_text][\/et_pb_column][et_pb_column type=\u00bb1_2&#8243; _builder_version=\u00bb3.25&#8243; custom_padding=\u00bb|||\u00bb global_colors_info=\u00bb{}\u00bb custom_padding__hover=\u00bb|||\u00bb][et_pb_text _builder_version=\u00bb4.10.8&#8243; background_size=\u00bbinitial\u00bb background_position=\u00bbtop_left\u00bb background_repeat=\u00bbrepeat\u00bb global_colors_info=\u00bb{}\u00bb]<\/p>\n<h2>Contacto<\/h2>\n<p><span>Tel: 91 311 81 53 \/ 618 393 847<\/span><\/p>\n<p>Email: <span><a href=\"mailto:asociacion@puentedeesperanza.es \">asociacion@puentedeesperanza.es<\/a><\/span><span><\/span><\/p>\n<p>&nbsp;<\/p>\n<p>[\/et_pb_text][\/et_pb_column][\/et_pb_row][\/et_pb_section][et_pb_section fb_built=\u00bb1&#8243; _builder_version=\u00bb4.10.7&#8243; _module_preset=\u00bbdefault\u00bb global_colors_info=\u00bb{}\u00bb][et_pb_row _builder_version=\u00bb4.10.7&#8243; _module_preset=\u00bbdefault\u00bb global_colors_info=\u00bb{}\u00bb][et_pb_column type=\u00bb4_4&#8243; _builder_version=\u00bb4.10.7&#8243; _module_preset=\u00bbdefault\u00bb global_colors_info=\u00bb{}\u00bb][et_pb_blurb title=\u00bbActividades\u00bb use_icon=\u00bbon\u00bb font_icon=\u00bb%%259%%\u00bb icon_color=\u00bb#FF8E2E\u00bb icon_placement=\u00bbleft\u00bb _builder_version=\u00bb4.10.8&#8243; _module_preset=\u00bbdefault\u00bb header_font=\u00bb|600|||||||\u00bb header_line_height=\u00bb2em\u00bb global_colors_info=\u00bb{}\u00bb]<\/p>\n<p><span>Actividades de ocio y participativas de car\u00e1cter multicultural.<\/span><\/p>\n<p><span> Voluntariado en todas las actividades de la asociaci\u00f3n.<\/span><\/p>\n<p><span> B\u00fasqueda de personas para cuidado de ancianos, ni\u00f1os, servicio dom\u00e9stico, etc <\/span><\/p>\n<p>[\/et_pb_blurb][et_pb_divider color=\u00bb#ff8f1d\u00bb _builder_version=\u00bb4.10.8&#8243; _module_preset=\u00bbdefault\u00bb custom_margin=\u00bb50px||||false|false\u00bb global_colors_info=\u00bb{}\u00bb][\/et_pb_divider][et_pb_blurb title=\u00bbProyectos\u00bb use_icon=\u00bbon\u00bb font_icon=\u00bb%%234%%\u00bb icon_color=\u00bb#FF8E2E\u00bb icon_placement=\u00bbleft\u00bb _builder_version=\u00bb4.10.8&#8243; _module_preset=\u00bbdefault\u00bb header_font=\u00bb|600|||||||\u00bb header_line_height=\u00bb2em\u00bb custom_margin=\u00bb||||false|false\u00bb global_colors_info=\u00bb{}\u00bb]<\/p>\n<p><span>Formaci\u00f3n para el empleo: cursos de geriatr\u00eda, atenci\u00f3n infantil, nutrici\u00f3n y cocina pr\u00e1ctica, manipulaci\u00f3n de alimentos, corte y confecci\u00f3n, limpieza y mantenimiento del hogar, inform\u00e1tica.<\/span><\/p>\n<p><span> Acompa\u00f1amiento para el empleo: orientaci\u00f3n laboral, itinerarios de acompa\u00f1amiento, intermediaci\u00f3n, formaci\u00f3n en habilidades y herramientas de acceso al empleo.<\/span><\/p>\n<p><span> Aprendizaje de espa\u00f1ol: formaci\u00f3n semipresencial con tutor\u00edas personalizadas.<\/span><\/p>\n<p><span>Servicios profesionales: asesoramiento jur\u00eddico, atenci\u00f3n psicol\u00f3gica, trabajo social.<\/span><\/p>\n<p><span>Acogida: informaci\u00f3n y asesoramiento sobre recursos para poblaci\u00f3n inmigrante.<\/span><\/p>\n<p><span>Acci\u00f3n intercultural: actividades de ocio, participativas y l\u00fadicas de libre acceso<\/span><\/p>\n<p>[\/et_pb_blurb][\/et_pb_column][\/et_pb_row][\/et_pb_section]<\/p>\n","protected":false},"excerpt":{"rendered":"<p>Asociaci\u00f3n Puente de Esperanza trabaja para promover la inclusi\u00f3n social de las personas inmigrantes extranjeras en situaci\u00f3n de vulnerabilidad.Direcci\u00f3n Calle Villaamil 48, 28039 Madrid puentedeesperanza.esContacto Tel: 91 311 81 53 \/ 618 393 847 Email: asociacion@puentedeesperanza.es &nbsp;Actividades de ocio y participativas de car\u00e1cter multicultural. Voluntariado en todas las actividades de la asociaci\u00f3n. B\u00fasqueda de personas [&hellip;]<\/p>\n","protected":false},"author":3,"featured_media":170,"comment_status":"open","ping_status":"open","sticky":false,"template":"","format":"standard","meta":{"_et_pb_use_builder":"on","_et_pb_old_content":"","_et_gb_content_width":"","footnotes":""},"categories":[2],"tags":[],"class_list":["post-301","post","type-post","status-publish","format-standard","has-post-thumbnail","hentry","category-entidad"],"_links":{"self":[{"href":"https:\/\/feriaentidadestetuan.com\/index.php?rest_route=\/wp\/v2\/posts\/301","targetHints":{"allow":["GET"]}}],"collection":[{"href":"https:\/\/feriaentidadestetuan.com\/index.php?rest_route=\/wp\/v2\/posts"}],"about":[{"href":"https:\/\/feriaentidadestetuan.com\/index.php?rest_route=\/wp\/v2\/types\/post"}],"author":[{"embeddable":true,"href":"https:\/\/feriaentidadestetuan.com\/index.php?rest_route=\/wp\/v2\/users\/3"}],"replies":[{"embeddable":true,"href":"https:\/\/feriaentidadestetuan.com\/index.php?rest_route=%2Fwp%2Fv2%2Fcomments&post=301"}],"version-history":[{"count":8,"href":"https:\/\/feriaentidadestetuan.com\/index.php?rest_route=\/wp\/v2\/posts\/301\/revisions"}],"predecessor-version":[{"id":633,"href":"https:\/\/feriaentidadestetuan.com\/index.php?rest_route=\/wp\/v2\/posts\/301\/revisions\/633"}],"wp:featuredmedia":[{"embeddable":true,"href":"https:\/\/feriaentidadestetuan.com\/index.php?rest_route=\/wp\/v2\/media\/170"}],"wp:attachment":[{"href":"https:\/\/feriaentidadestetuan.com\/index.php?rest_route=%2Fwp%2Fv2%2Fmedia&parent=301"}],"wp:term":[{"taxonomy":"category","embeddable":true,"href":"https:\/\/feriaentidadestetuan.com\/index.php?rest_route=%2Fwp%2Fv2%2Fcategories&post=301"},{"taxonomy":"post_tag","embeddable":true,"href":"https:\/\/feriaentidadestetuan.com\/index.php?rest_route=%2Fwp%2Fv2%2Ftags&post=301"}],"curies":[{"name":"wp","href":"https:\/\/api.w.org\/{rel}","templated":true}]}}