{"id":282,"date":"2021-09-22T12:10:03","date_gmt":"2021-09-22T12:10:03","guid":{"rendered":"https:\/\/feriaentidadestetuan.com\/?p=282"},"modified":"2022-08-03T17:25:43","modified_gmt":"2022-08-03T17:25:43","slug":"centro-social-comunitario-josefa-amar-de-tetuan","status":"publish","type":"post","link":"https:\/\/feriaentidadestetuan.com\/?p=282","title":{"rendered":"Centro Social Comunitario JOSEFA AMAR de Tetu\u00e1n"},"content":{"rendered":"\n[et_pb_section fb_built=\u00bb1&#8243; _builder_version=\u00bb4.10.7&#8243; _module_preset=\u00bbdefault\u00bb global_colors_info=\u00bb{}\u00bb][et_pb_row _builder_version=\u00bb4.10.7&#8243; _module_preset=\u00bbdefault\u00bb global_colors_info=\u00bb{}\u00bb][et_pb_column type=\u00bb4_4&#8243; _builder_version=\u00bb4.10.7&#8243; _module_preset=\u00bbdefault\u00bb global_colors_info=\u00bb{}\u00bb][et_pb_image src=\u00bbhttps:\/\/feriaentidadestetuan.com\/wp-content\/uploads\/2022\/08\/LOGO-CSC.jpg\u00bb title_text=\u00bbCSC\u00bb align=\u00bbcenter\u00bb _builder_version=\u00bb4.10.8&#8243; _module_preset=\u00bbdefault\u00bb global_colors_info=\u00bb{}\u00bb][\/et_pb_image][\/et_pb_column][\/et_pb_row][\/et_pb_section][et_pb_section fb_built=\u00bb1&#8243; _builder_version=\u00bb4.10.8&#8243; _module_preset=\u00bbdefault\u00bb global_colors_info=\u00bb{}\u00bb][et_pb_row _builder_version=\u00bb4.10.8&#8243; _module_preset=\u00bbdefault\u00bb global_colors_info=\u00bb{}\u00bb][et_pb_column type=\u00bb4_4&#8243; _builder_version=\u00bb4.10.8&#8243; _module_preset=\u00bbdefault\u00bb global_colors_info=\u00bb{}\u00bb][et_pb_text _builder_version=\u00bb4.10.8&#8243; _module_preset=\u00bbdefault\u00bb custom_padding=\u00bb20px|20px|20px|20px|true|true\u00bb border_width_left=\u00bb2px\u00bb border_color_left=\u00bb#ff8f1d\u00bb global_colors_info=\u00bb{}\u00bb]<p><span>El Centro Social Comunitario JOSEFA AMAR de Tetu\u00e1n es un espacio municipal abierto, flexible y pegado a la realidad cotidiana del Distrito. Es un lugar de aprendizaje colectivo, de informaci\u00f3n sobre recursos disponibles en el territorio y de puesta en marcha de acciones sociales que mejoren la calidad de vida de las vecinas, vecinos, grupos y entidades de Tetu\u00e1n. Cualquier persona interesada en participar o encontrar informaci\u00f3n sobre Tetu\u00e1n, puede contar con el Centro Comunitario.<\/span><\/p>[\/et_pb_text][\/et_pb_column][\/et_pb_row][\/et_pb_section][et_pb_section fb_built=\u00bb1&#8243; _builder_version=\u00bb3.22&#8243; global_colors_info=\u00bb{}\u00bb][et_pb_row column_structure=\u00bb1_2,1_2&#8243; _builder_version=\u00bb3.25&#8243; background_size=\u00bbinitial\u00bb background_position=\u00bbtop_left\u00bb background_repeat=\u00bbrepeat\u00bb global_colors_info=\u00bb{}\u00bb][et_pb_column type=\u00bb1_2&#8243; _builder_version=\u00bb3.25&#8243; custom_padding=\u00bb|||\u00bb global_colors_info=\u00bb{}\u00bb custom_padding__hover=\u00bb|||\u00bb][et_pb_text _builder_version=\u00bb4.10.8&#8243; background_size=\u00bbinitial\u00bb background_position=\u00bbtop_left\u00bb background_repeat=\u00bbrepeat\u00bb global_colors_info=\u00bb{}\u00bb]<h2>Direcci\u00f3n<\/h2>\n<p><span>Calle Matilde Landa 30<\/span><\/p>\n<p><span data-sheets-value=\"{&quot;1&quot;:2,&quot;2&quot;:&quot;Calle Bravo Murillo, 133 3\u00aa y 4\u00aa planta (entrada por Juan Pantoja, 2)&quot;}\" data-sheets-userformat=\"{&quot;2&quot;:769,&quot;3&quot;:{&quot;1&quot;:0},&quot;11&quot;:4,&quot;12&quot;:0}\"><a href=\"http:\/\/www.tetuanparticipa.org\" class=\"waffle-rich-text-link\">www.tetuanparticipa.org<\/a><\/span><\/p>[\/et_pb_text][\/et_pb_column][et_pb_column type=\u00bb1_2&#8243; _builder_version=\u00bb3.25&#8243; custom_padding=\u00bb|||\u00bb global_colors_info=\u00bb{}\u00bb custom_padding__hover=\u00bb|||\u00bb][et_pb_text _builder_version=\u00bb4.10.8&#8243; background_size=\u00bbinitial\u00bb background_position=\u00bbtop_left\u00bb background_repeat=\u00bbrepeat\u00bb global_colors_info=\u00bb{}\u00bb]<h2>Contacto<\/h2>\n<p><span>Tel: 91 733 02 58<\/span><\/p>\n<p>Email:<\/p>\n<p><span><a href=\"mailto:csctetuan@gmail.com\">csctetuan@gmail.com <\/a><\/span><\/p>\n<p><span><a href=\"mailto:csctetuan2@gmail.com\">csctetuan2@gmail.com<\/a><\/span><span><\/span><\/p>[\/et_pb_text][\/et_pb_column][\/et_pb_row][\/et_pb_section][et_pb_section fb_built=\u00bb1&#8243; _builder_version=\u00bb4.10.7&#8243; _module_preset=\u00bbdefault\u00bb global_colors_info=\u00bb{}\u00bb][et_pb_row _builder_version=\u00bb4.10.7&#8243; _module_preset=\u00bbdefault\u00bb global_colors_info=\u00bb{}\u00bb][et_pb_column type=\u00bb4_4&#8243; _builder_version=\u00bb4.10.7&#8243; _module_preset=\u00bbdefault\u00bb global_colors_info=\u00bb{}\u00bb][et_pb_blurb title=\u00bbActividades\u00bb use_icon=\u00bbon\u00bb font_icon=\u00bb%%259%%\u00bb icon_color=\u00bb#FF8E2E\u00bb icon_placement=\u00bbleft\u00bb _builder_version=\u00bb4.10.8&#8243; _module_preset=\u00bbdefault\u00bb header_font=\u00bb|600|||||||\u00bb header_line_height=\u00bb2em\u00bb global_colors_info=\u00bb{}\u00bb]<p><span>Casi todas las actividades son de acceso gratuito y libre. Algunas m\u00e1s para adultos\/as, para infancia, y a veces por colectivos como para mujeres, para personas extranjeras, para mayores&#8230; Como las actividades van variando, lo m\u00e1s f\u00e1cil es que nos contactes y te contamos!<\/span><\/p>[\/et_pb_blurb][et_pb_divider color=\u00bb#ff8f1d\u00bb _builder_version=\u00bb4.10.8&#8243; _module_preset=\u00bbdefault\u00bb custom_margin=\u00bb50px||||false|false\u00bb global_colors_info=\u00bb{}\u00bb][\/et_pb_divider][et_pb_blurb title=\u00bbProyectos\u00bb use_icon=\u00bbon\u00bb font_icon=\u00bb%%234%%\u00bb icon_color=\u00bb#FF8E2E\u00bb icon_placement=\u00bbleft\u00bb _builder_version=\u00bb4.10.8&#8243; _module_preset=\u00bbdefault\u00bb header_font=\u00bb|600|||||||\u00bb header_line_height=\u00bb2em\u00bb custom_margin=\u00bb||||false|false\u00bb global_colors_info=\u00bb{}\u00bb]<p><span>En el Centro Social Comunitario se realizan todo tipo de actividades para vecinas, vecinos y entidades, que potencien la participaci\u00f3n y la mejora de la calidad de vida y la convivencia en Tetu\u00e1n como por ejemplo: <\/span><\/p>\n<ul>\n<li><span>Cursos de Formaci\u00f3n en temas de vivienda, empleo, salud, diversidad, apoyo mutuo, nuevas tecnolog\u00edas, temas sociales. <\/span><\/li>\n<li><span>Talleres de encuentro y convivencia a trav\u00e9s de actividades de ocio y crecimiento como cocina, ocio, cuidados, talleres manuales, yoga, teatro, m\u00fasica\u2026 <\/span><\/li>\n<li><span>Encuentros y asambleas de entidades y grupos sociales del distrito. <\/span><\/li>\n<li><span>Grupos de apoyo y autoayuda. <\/span><\/li>\n<li><span>Grupos de integraci\u00f3n y socializaci\u00f3n.<\/span><\/li>\n<li><span> Espacios de ocio socioeducativo para ni\u00f1as, ni\u00f1os y adolescentes. <\/span><\/li>\n<li><span>Grupos de encuentro vecinal. <\/span><\/li>\n<\/ul>\n<p><span>Adem\u00e1s de las actividades, en el Centro Social Comunitario podr\u00e1s encontrar informaci\u00f3n y asesoramiento sobre: <\/span><\/p>\n<ul>\n<li><span>Voluntariado <\/span><\/li>\n<li><span>Servicios disponibles para ciudadanos\/as en el distrito. <\/span><\/li>\n<li><span>Informaci\u00f3n sobre recursos sociales, de salud, de educaci\u00f3n, de ocio, de integraci\u00f3n, \u2026 <\/span><\/li>\n<li><span>Informaci\u00f3n t\u00e9cnica para entidades sociales y asociaciones. <\/span><\/li>\n<li><span>Etc <\/span><\/li>\n<\/ul>\n<p><span>Adem\u00e1s, el Centro Social Comunitario nace y forma parte del Proceso de Desarrollo Comunitario de Tetu\u00e1n y apoya y potencia su funcionamiento y el trabajo en red en el Distrito, con lo que, si necesitas informaci\u00f3n sobre el PDC o alguna de sus comisiones, en el Centro te facilitaremos todo lo necesario.<\/span><\/p>[\/et_pb_blurb][\/et_pb_column][\/et_pb_row][\/et_pb_section]\n","protected":false},"excerpt":{"rendered":"<p>El Centro Social Comunitario JOSEFA AMAR de Tetu\u00e1n es un espacio municipal abierto, flexible y pegado a la realidad cotidiana del Distrito. Es un lugar de aprendizaje colectivo, de informaci\u00f3n sobre recursos disponibles en el territorio y de puesta en marcha de acciones sociales que mejoren la calidad de vida de las vecinas, vecinos, grupos [&hellip;]<\/p>\n","protected":false},"author":3,"featured_media":638,"comment_status":"open","ping_status":"open","sticky":false,"template":"","format":"standard","meta":{"_et_pb_use_builder":"on","_et_pb_old_content":"","_et_gb_content_width":"","footnotes":""},"categories":[2],"tags":[],"class_list":["post-282","post","type-post","status-publish","format-standard","has-post-thumbnail","hentry","category-entidad"],"_links":{"self":[{"href":"https:\/\/feriaentidadestetuan.com\/index.php?rest_route=\/wp\/v2\/posts\/282","targetHints":{"allow":["GET"]}}],"collection":[{"href":"https:\/\/feriaentidadestetuan.com\/index.php?rest_route=\/wp\/v2\/posts"}],"about":[{"href":"https:\/\/feriaentidadestetuan.com\/index.php?rest_route=\/wp\/v2\/types\/post"}],"author":[{"embeddable":true,"href":"https:\/\/feriaentidadestetuan.com\/index.php?rest_route=\/wp\/v2\/users\/3"}],"replies":[{"embeddable":true,"href":"https:\/\/feriaentidadestetuan.com\/index.php?rest_route=%2Fwp%2Fv2%2Fcomments&post=282"}],"version-history":[{"count":10,"href":"https:\/\/feriaentidadestetuan.com\/index.php?rest_route=\/wp\/v2\/posts\/282\/revisions"}],"predecessor-version":[{"id":666,"href":"https:\/\/feriaentidadestetuan.com\/index.php?rest_route=\/wp\/v2\/posts\/282\/revisions\/666"}],"wp:featuredmedia":[{"embeddable":true,"href":"https:\/\/feriaentidadestetuan.com\/index.php?rest_route=\/wp\/v2\/media\/638"}],"wp:attachment":[{"href":"https:\/\/feriaentidadestetuan.com\/index.php?rest_route=%2Fwp%2Fv2%2Fmedia&parent=282"}],"wp:term":[{"taxonomy":"category","embeddable":true,"href":"https:\/\/feriaentidadestetuan.com\/index.php?rest_route=%2Fwp%2Fv2%2Fcategories&post=282"},{"taxonomy":"post_tag","embeddable":true,"href":"https:\/\/feriaentidadestetuan.com\/index.php?rest_route=%2Fwp%2Fv2%2Ftags&post=282"}],"curies":[{"name":"wp","href":"https:\/\/api.w.org\/{rel}","templated":true}]}}