{"id":278,"date":"2021-09-22T12:04:15","date_gmt":"2021-09-22T12:04:15","guid":{"rendered":"https:\/\/feriaentidadestetuan.com\/?p=278"},"modified":"2022-08-03T16:59:06","modified_gmt":"2022-08-03T16:59:06","slug":"c-m-s-c-de-tetuan","status":"publish","type":"post","link":"https:\/\/feriaentidadestetuan.com\/?p=278","title":{"rendered":"C.M.S.c. de TETU\u00c1N"},"content":{"rendered":"<p>[et_pb_section fb_built=\u00bb1&#8243; _builder_version=\u00bb4.10.7&#8243; _module_preset=\u00bbdefault\u00bb global_colors_info=\u00bb{}\u00bb][et_pb_row _builder_version=\u00bb4.10.7&#8243; _module_preset=\u00bbdefault\u00bb global_colors_info=\u00bb{}\u00bb][et_pb_column type=\u00bb4_4&#8243; _builder_version=\u00bb4.10.7&#8243; _module_preset=\u00bbdefault\u00bb global_colors_info=\u00bb{}\u00bb][et_pb_image src=\u00bbhttps:\/\/feriaentidadestetuan.com\/wp-content\/uploads\/2021\/09\/C_MadridSalud-Ivan-Sierra-Sanchez.png\u00bb title_text=\u00bbC_MadridSalud &#8211; Iv\u00e1n Sierra S\u00e1nchez\u00bb _builder_version=\u00bb4.10.8&#8243; _module_preset=\u00bbdefault\u00bb width=\u00bb300px\u00bb module_alignment=\u00bbcenter\u00bb global_colors_info=\u00bb{}\u00bb][\/et_pb_image][\/et_pb_column][\/et_pb_row][\/et_pb_section][et_pb_section fb_built=\u00bb1&#8243; _builder_version=\u00bb4.10.8&#8243; _module_preset=\u00bbdefault\u00bb global_colors_info=\u00bb{}\u00bb][et_pb_row _builder_version=\u00bb4.10.8&#8243; _module_preset=\u00bbdefault\u00bb global_colors_info=\u00bb{}\u00bb][et_pb_column type=\u00bb4_4&#8243; _builder_version=\u00bb4.10.8&#8243; _module_preset=\u00bbdefault\u00bb global_colors_info=\u00bb{}\u00bb][et_pb_text _builder_version=\u00bb4.10.8&#8243; _module_preset=\u00bbdefault\u00bb custom_padding=\u00bb20px|20px|20px|20px|true|true\u00bb border_width_left=\u00bb2px\u00bb border_color_left=\u00bb#ff8f1d\u00bb global_colors_info=\u00bb{}\u00bb]<\/p>\n<p><span>El Centro Municipal de Salud Comunitaria de Tetu\u00e1n (C.M.S.c. de Tetu\u00e1n), es un centro especializado en la promoci\u00f3n de la salud y en la prevenci\u00f3n de las enfermedades. Atiende de manera gratuita a las personas que viven, estudian o trabajan en el distrito (dando prioridad a las zonas o grupos sociales con mayores necesidades), as\u00ed como organizaciones, asociaciones y colectivos interesados en mejorar la calidad de vida y la salud del distrito.<\/span><\/p>\n<p>[\/et_pb_text][\/et_pb_column][\/et_pb_row][\/et_pb_section][et_pb_section fb_built=\u00bb1&#8243; _builder_version=\u00bb3.22&#8243; global_colors_info=\u00bb{}\u00bb][et_pb_row column_structure=\u00bb1_2,1_2&#8243; _builder_version=\u00bb3.25&#8243; background_size=\u00bbinitial\u00bb background_position=\u00bbtop_left\u00bb background_repeat=\u00bbrepeat\u00bb global_colors_info=\u00bb{}\u00bb][et_pb_column type=\u00bb1_2&#8243; _builder_version=\u00bb3.25&#8243; custom_padding=\u00bb|||\u00bb global_colors_info=\u00bb{}\u00bb custom_padding__hover=\u00bb|||\u00bb][et_pb_text _builder_version=\u00bb4.10.8&#8243; background_size=\u00bbinitial\u00bb background_position=\u00bbtop_left\u00bb background_repeat=\u00bbrepeat\u00bb global_colors_info=\u00bb{}\u00bb]<\/p>\n<h2>Direcci\u00f3n<\/h2>\n<p><span>C\/ Aguile\u00f1as N\u00ba 1<\/span><\/p>\n<p><span data-sheets-value=\"{&quot;1&quot;:2,&quot;2&quot;:&quot;Calle Bravo Murillo, 133 3\u00aa y 4\u00aa planta (entrada por Juan Pantoja, 2)&quot;}\" data-sheets-userformat=\"{&quot;2&quot;:769,&quot;3&quot;:{&quot;1&quot;:0},&quot;11&quot;:4,&quot;12&quot;:0}\"><a href=\"https:\/\/madridsalud.es\/cms-de-tetuan\/\" class=\"waffle-rich-text-link\">C.M.S de Tetu\u00e1n<\/a><\/span><\/p>\n<p>[\/et_pb_text][\/et_pb_column][et_pb_column type=\u00bb1_2&#8243; _builder_version=\u00bb3.25&#8243; custom_padding=\u00bb|||\u00bb global_colors_info=\u00bb{}\u00bb custom_padding__hover=\u00bb|||\u00bb][et_pb_text _builder_version=\u00bb4.10.8&#8243; background_size=\u00bbinitial\u00bb background_position=\u00bbtop_left\u00bb background_repeat=\u00bbrepeat\u00bb global_colors_info=\u00bb{}\u00bb]<\/p>\n<h2>Contacto<\/h2>\n<p><span>Tel: 91 588 66 75 \/ 91 588 66 89<\/span><\/p>\n<p>Email: <span><a href=\"mailto:cmstetuan@madrid.es\">cmstetuan@madrid.es<\/a><\/span><span><\/span><\/p>\n<p>[\/et_pb_text][\/et_pb_column][\/et_pb_row][\/et_pb_section][et_pb_section fb_built=\u00bb1&#8243; _builder_version=\u00bb4.10.7&#8243; _module_preset=\u00bbdefault\u00bb global_colors_info=\u00bb{}\u00bb][et_pb_row _builder_version=\u00bb4.10.7&#8243; _module_preset=\u00bbdefault\u00bb global_colors_info=\u00bb{}\u00bb][et_pb_column type=\u00bb4_4&#8243; _builder_version=\u00bb4.10.7&#8243; _module_preset=\u00bbdefault\u00bb global_colors_info=\u00bb{}\u00bb][et_pb_blurb title=\u00bbActividades\u00bb use_icon=\u00bbon\u00bb font_icon=\u00bb%%259%%\u00bb icon_color=\u00bb#FF8E2E\u00bb icon_placement=\u00bbleft\u00bb _builder_version=\u00bb4.10.8&#8243; _module_preset=\u00bbdefault\u00bb header_font=\u00bb|600|||||||\u00bb header_line_height=\u00bb2em\u00bb global_colors_info=\u00bb{}\u00bb]<\/p>\n<p><span>Realizamos nuestro trabajo tanto dentro del propio centro como en la comunidad, a trav\u00e9s de:<\/span><\/p>\n<p><span><\/span><\/p>\n<ul>\n<li><span>Atenci\u00f3n individual (vacunaci\u00f3n, consulta anticoncepci\u00f3n, asesor\u00eda sexual, etc)<\/span><span><\/span><\/li>\n<li><span>Actividades grupales (prevenci\u00f3n de accidentes y primeros auxilios, salud bucodental, ayudando a crecer, prevenci\u00f3n de ca\u00eddas, taller de alimentaci\u00f3n, h\u00e1bitos saludables, educaci\u00f3n afectivo sexual, paseos saludables, etc) <\/span><\/li>\n<li><span>Actividades comunitarias en el barrio(espacios p\u00fablicos y de encuentro, centros educativos, centros deportivos y culturales, centros juveniles y de personas mayores, asociaciones vecinales, ONGs, etc) <\/span><\/li>\n<\/ul>\n<p>[\/et_pb_blurb][et_pb_divider color=\u00bb#ff8f1d\u00bb _builder_version=\u00bb4.10.8&#8243; _module_preset=\u00bbdefault\u00bb custom_margin=\u00bb50px||||false|false\u00bb global_colors_info=\u00bb{}\u00bb][\/et_pb_divider][et_pb_blurb title=\u00bbProyectos\u00bb use_icon=\u00bbon\u00bb font_icon=\u00bb%%234%%\u00bb icon_color=\u00bb#FF8E2E\u00bb icon_placement=\u00bbleft\u00bb _builder_version=\u00bb4.10.8&#8243; _module_preset=\u00bbdefault\u00bb header_font=\u00bb|600|||||||\u00bb header_line_height=\u00bb2em\u00bb custom_margin=\u00bb||||false|false\u00bb global_colors_info=\u00bb{}\u00bb]<\/p>\n<p><span>PROGRAMA DE ALIMENTACI\u00d3N, ACTIVIDAD F\u00cdSICA Y SALUD (ALAS)<\/span><\/p>\n<p><span> PROGRAMA DE SALUD SEXUAL Y REPRODUCTIVA. <\/span><\/p>\n<p><span>PROGRAMA DE PROMOCI\u00d3N DE LA SALUD EN EL \u00c1MBITO EDUCATIVO. <\/span><\/p>\n<p><span>PROGRAMA DE ENVEJECIMIENTO ACTIVO Y SALUDABLE.<\/span><\/p>\n<p><span> PROGRAMA DE ATENCI\u00d3N MATERNA. <\/span><\/p>\n<p><span>PROGRAMA DE ATENCI\u00d3N INFANTIL. <\/span><\/p>\n<p><span>PROGRAMA DE PREVENCI\u00d3N Y CONTROL DEL CONSUMO DE TABACO. <\/span><\/p>\n<p><span>PROGRAMA DE DESIGUALDADES SOCIALES EN SALUD. <\/span><\/p>\n<p><span>PROGRAMA DE PROMOCI\u00d3N DE LA SALUD MENTAL. <\/span><\/p>\n<p><span>PROGRAMA DE SOLEDAD NO DESEADA.<\/span><\/p>\n<p>[\/et_pb_blurb][\/et_pb_column][\/et_pb_row][\/et_pb_section]<\/p>\n","protected":false},"excerpt":{"rendered":"<p>El Centro Municipal de Salud Comunitaria de Tetu\u00e1n (C.M.S.c. de Tetu\u00e1n), es un centro especializado en la promoci\u00f3n de la salud y en la prevenci\u00f3n de las enfermedades. Atiende de manera gratuita a las personas que viven, estudian o trabajan en el distrito (dando prioridad a las zonas o grupos sociales con mayores necesidades), as\u00ed [&hellip;]<\/p>\n","protected":false},"author":3,"featured_media":176,"comment_status":"open","ping_status":"open","sticky":false,"template":"","format":"standard","meta":{"_et_pb_use_builder":"on","_et_pb_old_content":"","_et_gb_content_width":"","footnotes":""},"categories":[2],"tags":[],"class_list":["post-278","post","type-post","status-publish","format-standard","has-post-thumbnail","hentry","category-entidad"],"_links":{"self":[{"href":"https:\/\/feriaentidadestetuan.com\/index.php?rest_route=\/wp\/v2\/posts\/278","targetHints":{"allow":["GET"]}}],"collection":[{"href":"https:\/\/feriaentidadestetuan.com\/index.php?rest_route=\/wp\/v2\/posts"}],"about":[{"href":"https:\/\/feriaentidadestetuan.com\/index.php?rest_route=\/wp\/v2\/types\/post"}],"author":[{"embeddable":true,"href":"https:\/\/feriaentidadestetuan.com\/index.php?rest_route=\/wp\/v2\/users\/3"}],"replies":[{"embeddable":true,"href":"https:\/\/feriaentidadestetuan.com\/index.php?rest_route=%2Fwp%2Fv2%2Fcomments&post=278"}],"version-history":[{"count":9,"href":"https:\/\/feriaentidadestetuan.com\/index.php?rest_route=\/wp\/v2\/posts\/278\/revisions"}],"predecessor-version":[{"id":640,"href":"https:\/\/feriaentidadestetuan.com\/index.php?rest_route=\/wp\/v2\/posts\/278\/revisions\/640"}],"wp:featuredmedia":[{"embeddable":true,"href":"https:\/\/feriaentidadestetuan.com\/index.php?rest_route=\/wp\/v2\/media\/176"}],"wp:attachment":[{"href":"https:\/\/feriaentidadestetuan.com\/index.php?rest_route=%2Fwp%2Fv2%2Fmedia&parent=278"}],"wp:term":[{"taxonomy":"category","embeddable":true,"href":"https:\/\/feriaentidadestetuan.com\/index.php?rest_route=%2Fwp%2Fv2%2Fcategories&post=278"},{"taxonomy":"post_tag","embeddable":true,"href":"https:\/\/feriaentidadestetuan.com\/index.php?rest_route=%2Fwp%2Fv2%2Ftags&post=278"}],"curies":[{"name":"wp","href":"https:\/\/api.w.org\/{rel}","templated":true}]}}