{"id":273,"date":"2021-09-22T11:58:18","date_gmt":"2021-09-22T11:58:18","guid":{"rendered":"https:\/\/feriaentidadestetuan.com\/?p=273"},"modified":"2022-08-03T16:59:39","modified_gmt":"2022-08-03T16:59:39","slug":"departamento-de-juventud-del-ayuntamiento-de-madrid","status":"publish","type":"post","link":"https:\/\/feriaentidadestetuan.com\/?p=273","title":{"rendered":"DEPARTAMENTO DE JUVENTUD DEL AYUNTAMIENTO DE MADRID"},"content":{"rendered":"<p>[et_pb_section fb_built=\u00bb1&#8243; _builder_version=\u00bb4.10.7&#8243; _module_preset=\u00bbdefault\u00bb global_colors_info=\u00bb{}\u00bb][et_pb_row _builder_version=\u00bb4.10.7&#8243; _module_preset=\u00bbdefault\u00bb global_colors_info=\u00bb{}\u00bb][et_pb_column type=\u00bb4_4&#8243; _builder_version=\u00bb4.10.7&#8243; _module_preset=\u00bbdefault\u00bb global_colors_info=\u00bb{}\u00bb][et_pb_image src=\u00bbhttps:\/\/feriaentidadestetuan.com\/wp-content\/uploads\/2021\/09\/unnamed-oij-zona-1.jpg\u00bb title_text=\u00bbunnamed &#8211; oij zona 1&#8243; _builder_version=\u00bb4.10.8&#8243; _module_preset=\u00bbdefault\u00bb width=\u00bb300px\u00bb module_alignment=\u00bbcenter\u00bb global_colors_info=\u00bb{}\u00bb][\/et_pb_image][\/et_pb_column][\/et_pb_row][\/et_pb_section][et_pb_section fb_built=\u00bb1&#8243; _builder_version=\u00bb4.10.8&#8243; _module_preset=\u00bbdefault\u00bb global_colors_info=\u00bb{}\u00bb][et_pb_row _builder_version=\u00bb4.10.8&#8243; _module_preset=\u00bbdefault\u00bb global_colors_info=\u00bb{}\u00bb][et_pb_column type=\u00bb4_4&#8243; _builder_version=\u00bb4.10.8&#8243; _module_preset=\u00bbdefault\u00bb global_colors_info=\u00bb{}\u00bb][et_pb_text _builder_version=\u00bb4.10.8&#8243; _module_preset=\u00bbdefault\u00bb custom_padding=\u00bb20px|20px|20px|20px|true|true\u00bb border_width_left=\u00bb2px\u00bb border_color_left=\u00bb#ff8f1d\u00bb global_colors_info=\u00bb{}\u00bb]<\/p>\n<p><span> El Departamento de Juventud del Ayuntamiento de Madrid ofrece diferentes programas de forma gratuita a los-as j\u00f3venes del municipio de Madrid de 14 a 30 a\u00f1os.<\/span><\/p>\n<p>[\/et_pb_text][\/et_pb_column][\/et_pb_row][\/et_pb_section][et_pb_section fb_built=\u00bb1&#8243; _builder_version=\u00bb4.10.8&#8243; _module_preset=\u00bbdefault\u00bb custom_padding=\u00bb0px|||||\u00bb global_colors_info=\u00bb{}\u00bb][et_pb_row _builder_version=\u00bb4.10.8&#8243; _module_preset=\u00bbdefault\u00bb global_colors_info=\u00bb{}\u00bb][et_pb_column type=\u00bb4_4&#8243; _builder_version=\u00bb4.10.8&#8243; _module_preset=\u00bbdefault\u00bb global_colors_info=\u00bb{}\u00bb][et_pb_video src=\u00bbhttps:\/\/www.youtube.com\/watch?v=UyQRocHCZqc\u00bb _builder_version=\u00bb4.10.8&#8243; _module_preset=\u00bbdefault\u00bb global_colors_info=\u00bb{}\u00bb][\/et_pb_video][\/et_pb_column][\/et_pb_row][\/et_pb_section][et_pb_section fb_built=\u00bb1&#8243; _builder_version=\u00bb3.22&#8243; global_colors_info=\u00bb{}\u00bb][et_pb_row column_structure=\u00bb1_2,1_2&#8243; _builder_version=\u00bb3.25&#8243; background_size=\u00bbinitial\u00bb background_position=\u00bbtop_left\u00bb background_repeat=\u00bbrepeat\u00bb global_colors_info=\u00bb{}\u00bb][et_pb_column type=\u00bb1_2&#8243; _builder_version=\u00bb3.25&#8243; custom_padding=\u00bb|||\u00bb global_colors_info=\u00bb{}\u00bb custom_padding__hover=\u00bb|||\u00bb][et_pb_text _builder_version=\u00bb4.10.8&#8243; background_size=\u00bbinitial\u00bb background_position=\u00bbtop_left\u00bb background_repeat=\u00bbrepeat\u00bb global_colors_info=\u00bb{}\u00bb]<\/p>\n<h2>Direcci\u00f3n<\/h2>\n<p><span>C\/ Raimundo Fern\u00e1ndez Villaverde, 2 <\/span><\/p>\n<p><span data-sheets-value=\"{&quot;1&quot;:2,&quot;2&quot;:&quot;Calle Bravo Murillo, 133 3\u00aa y 4\u00aa planta (entrada por Juan Pantoja, 2)&quot;}\" data-sheets-userformat=\"{&quot;2&quot;:769,&quot;3&quot;:{&quot;1&quot;:0},&quot;11&quot;:4,&quot;12&quot;:0}\"><a href=\"http:\/\/www.madrid.es\/juventud\" class=\"waffle-rich-text-link\">www.madrid.es\/juventud<\/a><\/span><\/p>\n<p>[\/et_pb_text][\/et_pb_column][et_pb_column type=\u00bb1_2&#8243; _builder_version=\u00bb3.25&#8243; custom_padding=\u00bb|||\u00bb global_colors_info=\u00bb{}\u00bb custom_padding__hover=\u00bb|||\u00bb][et_pb_text _builder_version=\u00bb4.10.8&#8243; background_size=\u00bbinitial\u00bb background_position=\u00bbtop_left\u00bb background_repeat=\u00bbrepeat\u00bb global_colors_info=\u00bb{}\u00bb]<\/p>\n<h2>Contacto<\/h2>\n<p><span>Tel: 91 512 41 73 <\/span><\/p>\n<p><span>M\u00f3vil: 616 50 58 34<\/span><\/p>\n<p>Email: <span><a href=\"mailto:oijzona1@madrid.es\">oijzona1@madrid.es<\/a><\/span><span><\/span><\/p>\n<p>[\/et_pb_text][\/et_pb_column][\/et_pb_row][\/et_pb_section][et_pb_section fb_built=\u00bb1&#8243; _builder_version=\u00bb4.10.7&#8243; _module_preset=\u00bbdefault\u00bb global_colors_info=\u00bb{}\u00bb][et_pb_row _builder_version=\u00bb4.10.7&#8243; _module_preset=\u00bbdefault\u00bb global_colors_info=\u00bb{}\u00bb][et_pb_column type=\u00bb4_4&#8243; _builder_version=\u00bb4.10.7&#8243; _module_preset=\u00bbdefault\u00bb global_colors_info=\u00bb{}\u00bb][et_pb_blurb title=\u00bbActividades\u00bb use_icon=\u00bbon\u00bb font_icon=\u00bb%%259%%\u00bb icon_color=\u00bb#FF8E2E\u00bb icon_placement=\u00bbleft\u00bb _builder_version=\u00bb4.10.8&#8243; _module_preset=\u00bbdefault\u00bb header_font=\u00bb|600|||||||\u00bb header_line_height=\u00bb2em\u00bb global_colors_info=\u00bb{}\u00bb]<\/p>\n<p><span>Todas las actividades son gratuitas para j\u00f3venes de entre 14 a 30 a\u00f1os, ampliable a 35 si quedan plazas disponibles. El programa QuedaT es para j\u00f3venes de 14 a 20 a\u00f1os. <\/span><\/p>\n<p>[\/et_pb_blurb][et_pb_divider color=\u00bb#ff8f1d\u00bb _builder_version=\u00bb4.10.8&#8243; _module_preset=\u00bbdefault\u00bb custom_margin=\u00bb50px||||false|false\u00bb global_colors_info=\u00bb{}\u00bb][\/et_pb_divider][et_pb_blurb title=\u00bbProyectos\u00bb use_icon=\u00bbon\u00bb font_icon=\u00bb%%234%%\u00bb icon_color=\u00bb#FF8E2E\u00bb icon_placement=\u00bbleft\u00bb _builder_version=\u00bb4.10.8&#8243; _module_preset=\u00bbdefault\u00bb header_font=\u00bb|600|||||||\u00bb header_line_height=\u00bb2em\u00bb custom_margin=\u00bb||||false|false\u00bb global_colors_info=\u00bb{}\u00bb]<\/p>\n<p><span>Red Municipal de Centros Juveniles: Espacios de ocio para j\u00f3venes donde se realizan diferentes actividades, conciertos, excursiones, cursos, etc. <\/span><\/p>\n<p><span>Red Municipal de Oficinas de Informaci\u00f3n Juvenil: Ofrece informaci\u00f3n y orientaci\u00f3n personalizada e inmediata sobre temas de inter\u00e9s juvenil, adem\u00e1s ofrecen los cursos de premonitores-as e influencers de Informaci\u00f3n Juvenil. <\/span><\/p>\n<p><span>QuedaT.com: Programa de intervenci\u00f3n socioeducativa a trav\u00e9s del Ocio y Tiempo Libre para j\u00f3venes de 14 a 20 a\u00f1os, donde encontrar\u00e1s actividades: art\u00edsticas, culturales, deportivas, intersedes, excursiones y salidas al aire libre. <\/span><\/p>\n<p><span>Europa Joven Madrid: Centro de informaci\u00f3n, formaci\u00f3n y promoci\u00f3n de la participaci\u00f3n europea para j\u00f3venes. <\/span><\/p>\n<p><span>Asesor\u00eda Jur\u00eddica para J\u00f3venes: Asesoramiento sobre contratos laborales, multas, reclamaciones, tr\u00e1fico, extranjer\u00eda, arrendamientos, subvenciones y m\u00e1s. <\/span><\/p>\n<p><span>Servicio de psicolog\u00eda y coaching: Es un servicio de apoyo psicol\u00f3gico, de valoraci\u00f3n, de intervenci\u00f3n y seguimiento, que incluye un servicio de coaching. <\/span><\/p>\n<p><span>Formaci\u00f3n gratuita para j\u00f3venes: Cursos y talleres de capacitaci\u00f3n curricular gratuitos para mejorar la situaci\u00f3n de los-as j\u00f3venes madrile\u00f1os-as y ayudarles en la b\u00fasqueda de empleo. <\/span><\/p>\n<p><span>Certamen J\u00f3venes Creadores-as: Implantar mayores cauces de participaci\u00f3n de los y las j\u00f3venes en los diferentes campos de la creaci\u00f3n art\u00edstica e innovaci\u00f3n, promoviendo el m\u00e1s amplio conocimiento y difusi\u00f3n de las nuevas propuestas innovadoras y de la calidad desarrollada por ellos, as\u00ed como el talento y el trabajo para realizarlas. <\/span><\/p>\n<p><span>Lanzaderas de Artistas: promocionar y difundir nuevos valores del arte joven madrile\u00f1o, prestando especial atenci\u00f3n a la participaci\u00f3n de la poblaci\u00f3n m\u00e1s joven. <\/span><\/p>\n<p><span>Proyectos Interprogramas: Conecta Clima Juventud, A todo Color, Desmontando El Racismo y Bloquea El Machismo. <\/span><\/p>\n<p>[\/et_pb_blurb][\/et_pb_column][\/et_pb_row][\/et_pb_section]<\/p>\n","protected":false},"excerpt":{"rendered":"<p>El Departamento de Juventud del Ayuntamiento de Madrid ofrece diferentes programas de forma gratuita a los-as j\u00f3venes del municipio de Madrid de 14 a 30 a\u00f1os.Direcci\u00f3n C\/ Raimundo Fern\u00e1ndez Villaverde, 2 www.madrid.es\/juventudContacto Tel: 91 512 41 73 M\u00f3vil: 616 50 58 34 Email: oijzona1@madrid.esTodas las actividades son gratuitas para j\u00f3venes de entre 14 a 30 [&hellip;]<\/p>\n","protected":false},"author":3,"featured_media":177,"comment_status":"open","ping_status":"open","sticky":false,"template":"","format":"standard","meta":{"_et_pb_use_builder":"on","_et_pb_old_content":"","_et_gb_content_width":"","footnotes":""},"categories":[2],"tags":[],"class_list":["post-273","post","type-post","status-publish","format-standard","has-post-thumbnail","hentry","category-entidad"],"_links":{"self":[{"href":"https:\/\/feriaentidadestetuan.com\/index.php?rest_route=\/wp\/v2\/posts\/273","targetHints":{"allow":["GET"]}}],"collection":[{"href":"https:\/\/feriaentidadestetuan.com\/index.php?rest_route=\/wp\/v2\/posts"}],"about":[{"href":"https:\/\/feriaentidadestetuan.com\/index.php?rest_route=\/wp\/v2\/types\/post"}],"author":[{"embeddable":true,"href":"https:\/\/feriaentidadestetuan.com\/index.php?rest_route=\/wp\/v2\/users\/3"}],"replies":[{"embeddable":true,"href":"https:\/\/feriaentidadestetuan.com\/index.php?rest_route=%2Fwp%2Fv2%2Fcomments&post=273"}],"version-history":[{"count":8,"href":"https:\/\/feriaentidadestetuan.com\/index.php?rest_route=\/wp\/v2\/posts\/273\/revisions"}],"predecessor-version":[{"id":641,"href":"https:\/\/feriaentidadestetuan.com\/index.php?rest_route=\/wp\/v2\/posts\/273\/revisions\/641"}],"wp:featuredmedia":[{"embeddable":true,"href":"https:\/\/feriaentidadestetuan.com\/index.php?rest_route=\/wp\/v2\/media\/177"}],"wp:attachment":[{"href":"https:\/\/feriaentidadestetuan.com\/index.php?rest_route=%2Fwp%2Fv2%2Fmedia&parent=273"}],"wp:term":[{"taxonomy":"category","embeddable":true,"href":"https:\/\/feriaentidadestetuan.com\/index.php?rest_route=%2Fwp%2Fv2%2Fcategories&post=273"},{"taxonomy":"post_tag","embeddable":true,"href":"https:\/\/feriaentidadestetuan.com\/index.php?rest_route=%2Fwp%2Fv2%2Ftags&post=273"}],"curies":[{"name":"wp","href":"https:\/\/api.w.org\/{rel}","templated":true}]}}