{"id":268,"date":"2021-09-22T11:48:32","date_gmt":"2021-09-22T11:48:32","guid":{"rendered":"https:\/\/feriaentidadestetuan.com\/?p=268"},"modified":"2022-08-03T16:59:59","modified_gmt":"2022-08-03T16:59:59","slug":"fundacion-balia","status":"publish","type":"post","link":"https:\/\/feriaentidadestetuan.com\/?p=268","title":{"rendered":"Fundaci\u00f3n Balia"},"content":{"rendered":"<p>[et_pb_section fb_built=\u00bb1&#8243; _builder_version=\u00bb4.10.7&#8243; _module_preset=\u00bbdefault\u00bb global_colors_info=\u00bb{}\u00bb][et_pb_row _builder_version=\u00bb4.10.7&#8243; _module_preset=\u00bbdefault\u00bb global_colors_info=\u00bb{}\u00bb][et_pb_column type=\u00bb4_4&#8243; _builder_version=\u00bb4.10.7&#8243; _module_preset=\u00bbdefault\u00bb global_colors_info=\u00bb{}\u00bb][et_pb_image src=\u00bbhttps:\/\/feriaentidadestetuan.com\/wp-content\/uploads\/2021\/09\/BALIAmarca-Sabi-Jbello.jpg\u00bb title_text=\u00bbBALIAmarca\u00bb _builder_version=\u00bb4.10.8&#8243; _module_preset=\u00bbdefault\u00bb width=\u00bb300px\u00bb module_alignment=\u00bbcenter\u00bb global_colors_info=\u00bb{}\u00bb][\/et_pb_image][\/et_pb_column][\/et_pb_row][\/et_pb_section][et_pb_section fb_built=\u00bb1&#8243; _builder_version=\u00bb4.10.8&#8243; _module_preset=\u00bbdefault\u00bb global_colors_info=\u00bb{}\u00bb][et_pb_row _builder_version=\u00bb4.10.8&#8243; _module_preset=\u00bbdefault\u00bb global_colors_info=\u00bb{}\u00bb][et_pb_column type=\u00bb4_4&#8243; _builder_version=\u00bb4.10.8&#8243; _module_preset=\u00bbdefault\u00bb global_colors_info=\u00bb{}\u00bb][et_pb_text _builder_version=\u00bb4.10.8&#8243; _module_preset=\u00bbdefault\u00bb custom_padding=\u00bb20px|20px|20px|20px|true|true\u00bb border_width_left=\u00bb2px\u00bb border_color_left=\u00bb#ff8f1d\u00bb global_colors_info=\u00bb{}\u00bb]<\/p>\n<p><span>Fundaci\u00f3n Balia tiene como misi\u00f3n favorecer la inclusi\u00f3n social de los menores en riesgo a trav\u00e9s de programas socio-educativos de asistencia y prevenci\u00f3n.<\/span><\/p>\n<p>[\/et_pb_text][\/et_pb_column][\/et_pb_row][\/et_pb_section][et_pb_section fb_built=\u00bb1&#8243; _builder_version=\u00bb3.22&#8243; global_colors_info=\u00bb{}\u00bb][et_pb_row column_structure=\u00bb1_2,1_2&#8243; _builder_version=\u00bb3.25&#8243; background_size=\u00bbinitial\u00bb background_position=\u00bbtop_left\u00bb background_repeat=\u00bbrepeat\u00bb global_colors_info=\u00bb{}\u00bb][et_pb_column type=\u00bb1_2&#8243; _builder_version=\u00bb3.25&#8243; custom_padding=\u00bb|||\u00bb global_colors_info=\u00bb{}\u00bb custom_padding__hover=\u00bb|||\u00bb][et_pb_text _builder_version=\u00bb4.10.8&#8243; background_size=\u00bbinitial\u00bb background_position=\u00bbtop_left\u00bb background_repeat=\u00bbrepeat\u00bb global_colors_info=\u00bb{}\u00bb]<\/p>\n<h2>Direcci\u00f3n<\/h2>\n<p><span>Fereluz, 44, 28039 Madrid <\/span><\/p>\n<p><span data-sheets-value=\"{&quot;1&quot;:2,&quot;2&quot;:&quot;Calle Bravo Murillo, 133 3\u00aa y 4\u00aa planta (entrada por Juan Pantoja, 2)&quot;}\" data-sheets-userformat=\"{&quot;2&quot;:769,&quot;3&quot;:{&quot;1&quot;:0},&quot;11&quot;:4,&quot;12&quot;:0}\"><a href=\"http:\/\/fundacionbalia.org\/\" class=\"waffle-rich-text-link\">fundacionbalia.org<\/a><\/span><\/p>\n<p>[\/et_pb_text][\/et_pb_column][et_pb_column type=\u00bb1_2&#8243; _builder_version=\u00bb3.25&#8243; custom_padding=\u00bb|||\u00bb global_colors_info=\u00bb{}\u00bb custom_padding__hover=\u00bb|||\u00bb][et_pb_text _builder_version=\u00bb4.10.8&#8243; background_size=\u00bbinitial\u00bb background_position=\u00bbtop_left\u00bb background_repeat=\u00bbrepeat\u00bb global_colors_info=\u00bb{}\u00bb]<\/p>\n<h2>Contacto<\/h2>\n<p><span>Telf: 915 70 55 19<\/span><\/p>\n<p>Email: <a href=\"mailto:info@fundacionbalia.org\">info@fundacionbalia.org<\/a><\/p>\n<p>[\/et_pb_text][\/et_pb_column][\/et_pb_row][\/et_pb_section][et_pb_section fb_built=\u00bb1&#8243; _builder_version=\u00bb4.10.7&#8243; _module_preset=\u00bbdefault\u00bb global_colors_info=\u00bb{}\u00bb][et_pb_row _builder_version=\u00bb4.10.7&#8243; _module_preset=\u00bbdefault\u00bb global_colors_info=\u00bb{}\u00bb][et_pb_column type=\u00bb4_4&#8243; _builder_version=\u00bb4.10.7&#8243; _module_preset=\u00bbdefault\u00bb global_colors_info=\u00bb{}\u00bb][et_pb_divider color=\u00bb#ff8f1d\u00bb _builder_version=\u00bb4.10.8&#8243; _module_preset=\u00bbdefault\u00bb custom_margin=\u00bb50px||||false|false\u00bb global_colors_info=\u00bb{}\u00bb][\/et_pb_divider][et_pb_blurb title=\u00bbProyectos\u00bb use_icon=\u00bbon\u00bb font_icon=\u00bb%%234%%\u00bb icon_color=\u00bb#FF8E2E\u00bb icon_placement=\u00bbleft\u00bb _builder_version=\u00bb4.10.8&#8243; _module_preset=\u00bbdefault\u00bb header_font=\u00bb|600|||||||\u00bb header_line_height=\u00bb2em\u00bb custom_margin=\u00bb||||false|false\u00bb global_colors_info=\u00bb{}\u00bb]<\/p>\n<p><strong>BALIA INFANCIA <\/strong><\/p>\n<p><span>Se compone de los siguientes programas: <\/span><\/p>\n<ul>\n<li><span>Centros Balia: se desarrollan en nuestros propios centros durante el curso escolar de lunes a viernes despu\u00e9s del colegio. <\/span><\/li>\n<li><span>Aulas Balia en colegios p\u00fablicos: realizaci\u00f3n de los programas de Balia en las aulas de los colegios p\u00fablicos que nos lo solicitan.<\/span><\/li>\n<li><span> PAAE: programa de acompa\u00f1amiento y apoyo escolar. <\/span><\/li>\n<li><span>Colonias Urbanas: programas que se realizan de lunes a viernes durante las vacaciones escolares, para que los ni\u00f1os con escasos recursos puedan disfrutar de actividades de ocio, excursiones, comedores\u2026 <\/span><\/li>\n<\/ul>\n<p><span><strong>BALIA ADOLESCENTES Y J\u00d3VENES<\/strong> <\/span><\/p>\n<p><span>Se compone de los siguientes programas: <\/span><\/p>\n<ul>\n<li><span>Territorio Joven: es un programa enfocado a combatir el fracaso escolar y el abandono prematuro de los estudios, as\u00ed como prevenir las adicciones y la violencia y desarrollar habilidades sociales. Se desarrollan durante el curso escolar de lunes a jueves en horario de tarde. <\/span><\/li>\n<li><span>Programa de atenci\u00f3n a alumnos expulsados: se desarrolla por las ma\u00f1anas durante el curso escolar y est\u00e1 destinado a alumnos de los institutos con los que tenemos convenio de colaboraci\u00f3n y que han sido expulsados durante un periodo determinado. Se trabajan las tareas marcadas por su centro educativo junto con actividades de reflexi\u00f3n individual y din\u00e1micas de habilidades sociales e inteligencia emocional para favorecer su incorporaci\u00f3n al centro.<\/span><\/li>\n<li><span> Plan refuerza: apoyo y orientaci\u00f3n escolar en los Institutos. <\/span><\/li>\n<li><span>J\u00f3venes y Deporte: programas que fomentan la pr\u00e1ctica del deporte como alternativa de ocio saludable y educaci\u00f3n en valores entre los adolescentes. Las actividades se desarrollan a trav\u00e9s del Baloncesto y del Baile, en equipos masculinos, femeninos y mixtos. Los grupos de Baile participan en eventos y concursos como experiencias de aprendizaje, y los equipos de Baloncesto juegan en ligas municipales y de la Comunidad.Talleres de verano.<\/span><\/li>\n<li><span>Conecta: proyectos de tecnolog\u00eda basados en la metodolog\u00eda de aprendizaje y servicio dirigidos a j\u00f3venes de entre 15 y 19 a\u00f1os, personas mayores de 60 a 99 a\u00f1os o m\u00e1s y personas con discapacidad. Se hacen cursos de iniciaci\u00f3n a la inform\u00e1tica, uso del smartphone, imagen digital, entorno de Google. <\/span><\/li>\n<li><span>Talleres de verano <\/span><\/li>\n<\/ul>\n<p>[\/et_pb_blurb][\/et_pb_column][\/et_pb_row][\/et_pb_section]<\/p>\n","protected":false},"excerpt":{"rendered":"<p>Fundaci\u00f3n Balia tiene como misi\u00f3n favorecer la inclusi\u00f3n social de los menores en riesgo a trav\u00e9s de programas socio-educativos de asistencia y prevenci\u00f3n.Direcci\u00f3n Fereluz, 44, 28039 Madrid fundacionbalia.orgContacto Telf: 915 70 55 19 Email: info@fundacionbalia.orgBALIA INFANCIA Se compone de los siguientes programas: Centros Balia: se desarrollan en nuestros propios centros durante el curso escolar de [&hellip;]<\/p>\n","protected":false},"author":3,"featured_media":178,"comment_status":"open","ping_status":"open","sticky":false,"template":"","format":"standard","meta":{"_et_pb_use_builder":"on","_et_pb_old_content":"","_et_gb_content_width":"","footnotes":""},"categories":[2],"tags":[],"class_list":["post-268","post","type-post","status-publish","format-standard","has-post-thumbnail","hentry","category-entidad"],"_links":{"self":[{"href":"https:\/\/feriaentidadestetuan.com\/index.php?rest_route=\/wp\/v2\/posts\/268","targetHints":{"allow":["GET"]}}],"collection":[{"href":"https:\/\/feriaentidadestetuan.com\/index.php?rest_route=\/wp\/v2\/posts"}],"about":[{"href":"https:\/\/feriaentidadestetuan.com\/index.php?rest_route=\/wp\/v2\/types\/post"}],"author":[{"embeddable":true,"href":"https:\/\/feriaentidadestetuan.com\/index.php?rest_route=\/wp\/v2\/users\/3"}],"replies":[{"embeddable":true,"href":"https:\/\/feriaentidadestetuan.com\/index.php?rest_route=%2Fwp%2Fv2%2Fcomments&post=268"}],"version-history":[{"count":9,"href":"https:\/\/feriaentidadestetuan.com\/index.php?rest_route=\/wp\/v2\/posts\/268\/revisions"}],"predecessor-version":[{"id":642,"href":"https:\/\/feriaentidadestetuan.com\/index.php?rest_route=\/wp\/v2\/posts\/268\/revisions\/642"}],"wp:featuredmedia":[{"embeddable":true,"href":"https:\/\/feriaentidadestetuan.com\/index.php?rest_route=\/wp\/v2\/media\/178"}],"wp:attachment":[{"href":"https:\/\/feriaentidadestetuan.com\/index.php?rest_route=%2Fwp%2Fv2%2Fmedia&parent=268"}],"wp:term":[{"taxonomy":"category","embeddable":true,"href":"https:\/\/feriaentidadestetuan.com\/index.php?rest_route=%2Fwp%2Fv2%2Fcategories&post=268"},{"taxonomy":"post_tag","embeddable":true,"href":"https:\/\/feriaentidadestetuan.com\/index.php?rest_route=%2Fwp%2Fv2%2Ftags&post=268"}],"curies":[{"name":"wp","href":"https:\/\/api.w.org\/{rel}","templated":true}]}}