{"id":255,"date":"2021-09-22T11:29:27","date_gmt":"2021-09-22T11:29:27","guid":{"rendered":"https:\/\/feriaentidadestetuan.com\/?p=255"},"modified":"2023-08-28T08:02:07","modified_gmt":"2023-08-28T08:02:07","slug":"centro-de-apoyo-a-las-familias-caf6","status":"publish","type":"post","link":"https:\/\/feriaentidadestetuan.com\/?p=255","title":{"rendered":"CENTRO DE APOYO A LAS FAMILIAS CAF6"},"content":{"rendered":"<p>[et_pb_section fb_built=\u00bb1&#8243; _builder_version=\u00bb4.10.7&#8243; _module_preset=\u00bbdefault\u00bb global_colors_info=\u00bb{}\u00bb][et_pb_row _builder_version=\u00bb4.10.7&#8243; _module_preset=\u00bbdefault\u00bb global_colors_info=\u00bb{}\u00bb][et_pb_column type=\u00bb4_4&#8243; _builder_version=\u00bb4.10.7&#8243; _module_preset=\u00bbdefault\u00bb global_colors_info=\u00bb{}\u00bb][et_pb_image src=\u00bbhttps:\/\/feriaentidadestetuan.com\/wp-content\/uploads\/2021\/09\/LOGOS-JPG-TODOS-JUNTOS-ABD-CAF-Municipal-6.png\u00bb title_text=\u00bbLOGOS JPG TODOS JUNTOS &#8211; ABD CAF Municipal 6&#8243; _builder_version=\u00bb4.10.8&#8243; _module_preset=\u00bbdefault\u00bb width=\u00bb300px\u00bb module_alignment=\u00bbcenter\u00bb global_colors_info=\u00bb{}\u00bb][\/et_pb_image][\/et_pb_column][\/et_pb_row][\/et_pb_section][et_pb_section fb_built=\u00bb1&#8243; _builder_version=\u00bb4.10.8&#8243; _module_preset=\u00bbdefault\u00bb global_colors_info=\u00bb{}\u00bb][et_pb_row _builder_version=\u00bb4.10.8&#8243; _module_preset=\u00bbdefault\u00bb global_colors_info=\u00bb{}\u00bb][et_pb_column type=\u00bb4_4&#8243; _builder_version=\u00bb4.10.8&#8243; _module_preset=\u00bbdefault\u00bb global_colors_info=\u00bb{}\u00bb][et_pb_text _builder_version=\u00bb4.10.8&#8243; _module_preset=\u00bbdefault\u00bb custom_padding=\u00bb20px|20px|20px|20px|true|true\u00bb border_width_left=\u00bb2px\u00bb border_color_left=\u00bb#ff8f1d\u00bb global_colors_info=\u00bb{}\u00bb]<\/p>\n<p><span>Los CAF son centros municipales que ofrecen a las familias madrile\u00f1as un espacio de prevenci\u00f3n y apoyo ante las dificultades que puedan surgir en la convivencia familiar. <\/span><\/p>\n<p>[\/et_pb_text][\/et_pb_column][\/et_pb_row][\/et_pb_section][et_pb_section fb_built=\u00bb1&#8243; _builder_version=\u00bb4.10.8&#8243; _module_preset=\u00bbdefault\u00bb global_colors_info=\u00bb{}\u00bb][et_pb_row _builder_version=\u00bb4.10.8&#8243; _module_preset=\u00bbdefault\u00bb global_colors_info=\u00bb{}\u00bb][et_pb_column type=\u00bb4_4&#8243; _builder_version=\u00bb4.10.8&#8243; _module_preset=\u00bbdefault\u00bb global_colors_info=\u00bb{}\u00bb][et_pb_video src=\u00bbhttps:\/\/youtube.com\/playlist?list=PL2WQbDhB24PpsaTZm_TQyAJxhaBtMW8E8&#8243; _builder_version=\u00bb4.10.8&#8243; _module_preset=\u00bbdefault\u00bb global_colors_info=\u00bb{}\u00bb][\/et_pb_video][\/et_pb_column][\/et_pb_row][\/et_pb_section][et_pb_section fb_built=\u00bb1&#8243; _builder_version=\u00bb3.22&#8243; global_colors_info=\u00bb{}\u00bb][et_pb_row column_structure=\u00bb1_2,1_2&#8243; _builder_version=\u00bb3.25&#8243; background_size=\u00bbinitial\u00bb background_position=\u00bbtop_left\u00bb background_repeat=\u00bbrepeat\u00bb global_colors_info=\u00bb{}\u00bb][et_pb_column type=\u00bb1_2&#8243; _builder_version=\u00bb3.25&#8243; custom_padding=\u00bb|||\u00bb global_colors_info=\u00bb{}\u00bb custom_padding__hover=\u00bb|||\u00bb][et_pb_text _builder_version=\u00bb4.10.8&#8243; background_size=\u00bbinitial\u00bb background_position=\u00bbtop_left\u00bb background_repeat=\u00bbrepeat\u00bb hover_enabled=\u00bb0&#8243; global_colors_info=\u00bb{}\u00bb sticky_enabled=\u00bb0&#8243;]<\/p>\n<h2>Direcci\u00f3n<\/h2>\n<p><span>c\/ San Enrique 16, 2\u00aa Planta<\/span><\/p>\n<p><span data-sheets-value=\"{&quot;1&quot;:2,&quot;2&quot;:&quot;Calle Bravo Murillo, 133 3\u00aa y 4\u00aa planta (entrada por Juan Pantoja, 2)&quot;}\" data-sheets-userformat=\"{&quot;2&quot;:769,&quot;3&quot;:{&quot;1&quot;:0},&quot;11&quot;:4,&quot;12&quot;:0}\"><a href=\"https:\/\/www.madrid.es\/portales\/munimadrid\/es\/Inicio\/Servicios-sociales-y-salud\/Direcciones-y-telefonos\/Centro-de-Apoyo-a-las-Familias-CAF-6\" class=\"waffle-rich-text-link\">Centro de Apoyo a las Familias CAF 6<\/a><\/span><\/p>\n<p>[\/et_pb_text][\/et_pb_column][et_pb_column type=\u00bb1_2&#8243; _builder_version=\u00bb3.25&#8243; custom_padding=\u00bb|||\u00bb global_colors_info=\u00bb{}\u00bb custom_padding__hover=\u00bb|||\u00bb][et_pb_text _builder_version=\u00bb4.10.8&#8243; background_size=\u00bbinitial\u00bb background_position=\u00bbtop_left\u00bb background_repeat=\u00bbrepeat\u00bb global_colors_info=\u00bb{}\u00bb]<\/p>\n<h2>Contacto<\/h2>\n<p><span>Telf: 91 398 14 38<\/span><\/p>\n<p>Email: <a href=\"mailto:caf-6@madrid.es\">caf-6@madrid.es<\/a><\/p>\n<p>[\/et_pb_text][\/et_pb_column][\/et_pb_row][\/et_pb_section][et_pb_section fb_built=\u00bb1&#8243; _builder_version=\u00bb4.10.7&#8243; _module_preset=\u00bbdefault\u00bb global_colors_info=\u00bb{}\u00bb][et_pb_row _builder_version=\u00bb4.10.7&#8243; _module_preset=\u00bbdefault\u00bb global_colors_info=\u00bb{}\u00bb][et_pb_column type=\u00bb4_4&#8243; _builder_version=\u00bb4.10.7&#8243; _module_preset=\u00bbdefault\u00bb global_colors_info=\u00bb{}\u00bb][et_pb_blurb title=\u00bbActividades\u00bb use_icon=\u00bbon\u00bb font_icon=\u00bb%%259%%\u00bb icon_color=\u00bb#FF8E2E\u00bb icon_placement=\u00bbleft\u00bb _builder_version=\u00bb4.10.8&#8243; _module_preset=\u00bbdefault\u00bb header_font=\u00bb|600|||||||\u00bb header_line_height=\u00bb2em\u00bb global_colors_info=\u00bb{}\u00bb]<\/p>\n<p><span>Charlas, talleres dirigidos a familias. <\/span><\/p>\n<p><span>Mindfulness <\/span><\/p>\n<p><span>Grupo Multifamiliar <\/span><\/p>\n<p><span>Grupo de apoyo en la ruptura <\/span><\/p>\n<p><span>Espacio de Juego y Relaci\u00f3n para familias con hijos\/as de 0-6 a\u00f1os. \u00abLobito Benito\u00bb <\/span><\/p>\n<p>[\/et_pb_blurb][et_pb_divider color=\u00bb#ff8f1d\u00bb _builder_version=\u00bb4.10.8&#8243; _module_preset=\u00bbdefault\u00bb custom_margin=\u00bb50px||||false|false\u00bb global_colors_info=\u00bb{}\u00bb][\/et_pb_divider][et_pb_blurb title=\u00bbProyectos\u00bb use_icon=\u00bbon\u00bb font_icon=\u00bb%%234%%\u00bb icon_color=\u00bb#FF8E2E\u00bb icon_placement=\u00bbleft\u00bb _builder_version=\u00bb4.10.8&#8243; _module_preset=\u00bbdefault\u00bb header_font=\u00bb|600|||||||\u00bb header_line_height=\u00bb2em\u00bb custom_margin=\u00bb||||false|false\u00bb global_colors_info=\u00bb{}\u00bb]<\/p>\n<p><span>Atenci\u00f3n psicol\u00f3gica familiar, Asesoramiento Jur\u00eddico en materia de familia, Mediaci\u00f3n Familiar, Formaci\u00f3n a Familias, Espacio de relaci\u00f3n para familias con ni\u00f1os y ni\u00f1as de 0 a 6 a\u00f1os, Atenci\u00f3n y prevenci\u00f3n de las relaciones de violencia familiar, Orientaci\u00f3n social. <\/span><\/p>\n<p>[\/et_pb_blurb][\/et_pb_column][\/et_pb_row][\/et_pb_section]<\/p>\n","protected":false},"excerpt":{"rendered":"<p>Los CAF son centros municipales que ofrecen a las familias madrile\u00f1as un espacio de prevenci\u00f3n y apoyo ante las dificultades que puedan surgir en la convivencia familiar. Direcci\u00f3n c\/ San Enrique 16, 2\u00aa Planta Centro de Apoyo a las Familias CAF 6Contacto Telf: 91 398 14 38 Email: caf-6@madrid.esCharlas, talleres dirigidos a familias. Mindfulness Grupo [&hellip;]<\/p>\n","protected":false},"author":3,"featured_media":181,"comment_status":"open","ping_status":"open","sticky":false,"template":"","format":"standard","meta":{"_et_pb_use_builder":"on","_et_pb_old_content":"","_et_gb_content_width":"","footnotes":""},"categories":[2],"tags":[],"class_list":["post-255","post","type-post","status-publish","format-standard","has-post-thumbnail","hentry","category-entidad"],"_links":{"self":[{"href":"https:\/\/feriaentidadestetuan.com\/index.php?rest_route=\/wp\/v2\/posts\/255","targetHints":{"allow":["GET"]}}],"collection":[{"href":"https:\/\/feriaentidadestetuan.com\/index.php?rest_route=\/wp\/v2\/posts"}],"about":[{"href":"https:\/\/feriaentidadestetuan.com\/index.php?rest_route=\/wp\/v2\/types\/post"}],"author":[{"embeddable":true,"href":"https:\/\/feriaentidadestetuan.com\/index.php?rest_route=\/wp\/v2\/users\/3"}],"replies":[{"embeddable":true,"href":"https:\/\/feriaentidadestetuan.com\/index.php?rest_route=%2Fwp%2Fv2%2Fcomments&post=255"}],"version-history":[{"count":10,"href":"https:\/\/feriaentidadestetuan.com\/index.php?rest_route=\/wp\/v2\/posts\/255\/revisions"}],"predecessor-version":[{"id":1031,"href":"https:\/\/feriaentidadestetuan.com\/index.php?rest_route=\/wp\/v2\/posts\/255\/revisions\/1031"}],"wp:featuredmedia":[{"embeddable":true,"href":"https:\/\/feriaentidadestetuan.com\/index.php?rest_route=\/wp\/v2\/media\/181"}],"wp:attachment":[{"href":"https:\/\/feriaentidadestetuan.com\/index.php?rest_route=%2Fwp%2Fv2%2Fmedia&parent=255"}],"wp:term":[{"taxonomy":"category","embeddable":true,"href":"https:\/\/feriaentidadestetuan.com\/index.php?rest_route=%2Fwp%2Fv2%2Fcategories&post=255"},{"taxonomy":"post_tag","embeddable":true,"href":"https:\/\/feriaentidadestetuan.com\/index.php?rest_route=%2Fwp%2Fv2%2Ftags&post=255"}],"curies":[{"name":"wp","href":"https:\/\/api.w.org\/{rel}","templated":true}]}}