{"id":241,"date":"2021-09-22T11:10:37","date_gmt":"2021-09-22T11:10:37","guid":{"rendered":"https:\/\/feriaentidadestetuan.com\/?p=241"},"modified":"2022-08-03T17:01:37","modified_gmt":"2022-08-03T17:01:37","slug":"servicio-pad","status":"publish","type":"post","link":"https:\/\/feriaentidadestetuan.com\/?p=241","title":{"rendered":"SERVICIO PAD"},"content":{"rendered":"<p>[et_pb_section fb_built=\u00bb1&#8243; _builder_version=\u00bb4.10.7&#8243; _module_preset=\u00bbdefault\u00bb global_colors_info=\u00bb{}\u00bb][et_pb_row _builder_version=\u00bb4.10.7&#8243; _module_preset=\u00bbdefault\u00bb global_colors_info=\u00bb{}\u00bb][et_pb_column type=\u00bb4_4&#8243; _builder_version=\u00bb4.10.7&#8243; _module_preset=\u00bbdefault\u00bb global_colors_info=\u00bb{}\u00bb][et_pb_image src=\u00bbhttps:\/\/feriaentidadestetuan.com\/wp-content\/uploads\/2021\/09\/Logo-PAD-cian-Ana-Alvarez.jpeg\u00bb title_text=\u00bbLogo PAD cian &#8211; Ana \u00c1lvarez\u00bb _builder_version=\u00bb4.10.8&#8243; _module_preset=\u00bbdefault\u00bb width=\u00bb300px\u00bb module_alignment=\u00bbcenter\u00bb global_colors_info=\u00bb{}\u00bb][\/et_pb_image][\/et_pb_column][\/et_pb_row][\/et_pb_section][et_pb_section fb_built=\u00bb1&#8243; _builder_version=\u00bb4.10.8&#8243; _module_preset=\u00bbdefault\u00bb global_colors_info=\u00bb{}\u00bb][et_pb_row _builder_version=\u00bb4.10.8&#8243; _module_preset=\u00bbdefault\u00bb global_colors_info=\u00bb{}\u00bb][et_pb_column type=\u00bb4_4&#8243; _builder_version=\u00bb4.10.8&#8243; _module_preset=\u00bbdefault\u00bb global_colors_info=\u00bb{}\u00bb][et_pb_text _builder_version=\u00bb4.10.8&#8243; _module_preset=\u00bbdefault\u00bb custom_padding=\u00bb20px|20px|20px|20px|true|true\u00bb border_width_left=\u00bb2px\u00bb border_color_left=\u00bb#ff8f1d\u00bb global_colors_info=\u00bb{}\u00bb]<\/p>\n<p><span>El Servicio de Prevenci\u00f3n y Tratamiento de Adicciones del Ayuntamiento de Madrid se dirige a adolescentes y j\u00f3venes (hasta 24 a\u00f1os) y a sus familias, cuando haya dudas o problemas con el consumo de alcohol y\/u otras drogas, con el uso abusivo de la tecnolog\u00eda o con el trastorno por juego de azar.<\/span><\/p>\n<p>[\/et_pb_text][\/et_pb_column][\/et_pb_row][\/et_pb_section][et_pb_section fb_built=\u00bb1&#8243; _builder_version=\u00bb3.22&#8243; global_colors_info=\u00bb{}\u00bb][et_pb_row column_structure=\u00bb1_2,1_2&#8243; _builder_version=\u00bb3.25&#8243; background_size=\u00bbinitial\u00bb background_position=\u00bbtop_left\u00bb background_repeat=\u00bbrepeat\u00bb global_colors_info=\u00bb{}\u00bb][et_pb_column type=\u00bb1_2&#8243; _builder_version=\u00bb3.25&#8243; custom_padding=\u00bb|||\u00bb global_colors_info=\u00bb{}\u00bb custom_padding__hover=\u00bb|||\u00bb][et_pb_text _builder_version=\u00bb4.10.8&#8243; background_size=\u00bbinitial\u00bb background_position=\u00bbtop_left\u00bb background_repeat=\u00bbrepeat\u00bb global_colors_info=\u00bb{}\u00bb]<\/p>\n<h2>Direcci\u00f3n<\/h2>\n<p><span>C\/ Pinos Alta 122<\/span><\/p>\n<p><span data-sheets-value=\"{&quot;1&quot;:2,&quot;2&quot;:&quot;Calle Bravo Murillo, 133 3\u00aa y 4\u00aa planta (entrada por Juan Pantoja, 2)&quot;}\" data-sheets-userformat=\"{&quot;2&quot;:769,&quot;3&quot;:{&quot;1&quot;:0},&quot;11&quot;:4,&quot;12&quot;:0}\"><a href=\"http:\/\/www.madridsalud.es\/serviciopad\/\" class=\"waffle-rich-text-link\">www.madridsalud.es<\/a><\/span><\/p>\n<p>[\/et_pb_text][\/et_pb_column][et_pb_column type=\u00bb1_2&#8243; _builder_version=\u00bb3.25&#8243; custom_padding=\u00bb|||\u00bb global_colors_info=\u00bb{}\u00bb custom_padding__hover=\u00bb|||\u00bb][et_pb_text _builder_version=\u00bb3.27.4&#8243; background_size=\u00bbinitial\u00bb background_position=\u00bbtop_left\u00bb background_repeat=\u00bbrepeat\u00bb global_colors_info=\u00bb{}\u00bb]<\/p>\n<h2>Contacto<\/h2>\n<p><strong>Telf:<\/strong><\/p>\n<p><span><\/span><span>Servicio Pad: 699 480 480<\/span><\/p>\n<p><span>Cristina Pascual: 639 955 034<\/span><\/p>\n<p><span>C\u00e9sar Gil: 693 557 718<\/span><\/p>\n<p><span><strong>Email:<\/strong>\u00a0<\/span><\/p>\n<p><span> Servicio PAD: <a href=\"mailto:prevencionadicciones@madrid.es\">prevencionadicciones@madrid.es<\/a><\/span><\/p>\n<p>Cristina Pascual: <a href=\"mailto:prevenciontetuan@spsociales.com\">prevenciontetuan@spsociales.com<\/a><\/p>\n<p>C\u00e9sar Gil: padtetuan2@spsociales.com<\/p>\n<p>[\/et_pb_text][\/et_pb_column][\/et_pb_row][\/et_pb_section][et_pb_section fb_built=\u00bb1&#8243; _builder_version=\u00bb4.10.7&#8243; _module_preset=\u00bbdefault\u00bb global_colors_info=\u00bb{}\u00bb][et_pb_row _builder_version=\u00bb4.10.7&#8243; _module_preset=\u00bbdefault\u00bb global_colors_info=\u00bb{}\u00bb][et_pb_column type=\u00bb4_4&#8243; _builder_version=\u00bb4.10.7&#8243; _module_preset=\u00bbdefault\u00bb global_colors_info=\u00bb{}\u00bb][et_pb_blurb title=\u00bbActividades\u00bb use_icon=\u00bbon\u00bb font_icon=\u00bb%%259%%\u00bb icon_color=\u00bb#FF8E2E\u00bb icon_placement=\u00bbleft\u00bb _builder_version=\u00bb4.10.8&#8243; _module_preset=\u00bbdefault\u00bb header_font=\u00bb|600|||||||\u00bb header_line_height=\u00bb2em\u00bb global_colors_info=\u00bb{}\u00bb]<\/p>\n<p><span>Adem\u00e1s de trabajar con los adolescentes y j\u00f3venes, el Programa realiza actividades con las familias, los centros educativos (profesorado, equipos de orientaci\u00f3n y AMPAS) y con las dem\u00e1s personas o entidades que se ocupan de los m\u00e1s j\u00f3venes, como en los recursos sociales, de salud, de polic\u00eda, de juventud, de las asociaciones del barrio, etc. Todas nuestras acciones son gratuitas. <\/span><\/p>\n<p>[\/et_pb_blurb][et_pb_divider color=\u00bb#ff8f1d\u00bb _builder_version=\u00bb4.10.8&#8243; _module_preset=\u00bbdefault\u00bb custom_margin=\u00bb50px||||false|false\u00bb global_colors_info=\u00bb{}\u00bb][\/et_pb_divider][et_pb_blurb title=\u00bbProyectos\u00bb use_icon=\u00bbon\u00bb font_icon=\u00bb%%234%%\u00bb icon_color=\u00bb#FF8E2E\u00bb icon_placement=\u00bbleft\u00bb _builder_version=\u00bb4.10.8&#8243; _module_preset=\u00bbdefault\u00bb header_font=\u00bb|600|||||||\u00bb header_line_height=\u00bb2em\u00bb custom_margin=\u00bb||||false|false\u00bb global_colors_info=\u00bb{}\u00bb]<\/p>\n<p><span>El Servicio PAD se enmarca dentro del Programa de Atenci\u00f3n Integral a J\u00f3venes y Adolescentes. <\/span><\/p>\n<p>[\/et_pb_blurb][\/et_pb_column][\/et_pb_row][\/et_pb_section]<\/p>\n","protected":false},"excerpt":{"rendered":"<p>El Servicio de Prevenci\u00f3n y Tratamiento de Adicciones del Ayuntamiento de Madrid se dirige a adolescentes y j\u00f3venes (hasta 24 a\u00f1os) y a sus familias, cuando haya dudas o problemas con el consumo de alcohol y\/u otras drogas, con el uso abusivo de la tecnolog\u00eda o con el trastorno por juego de azar.Direcci\u00f3n C\/ Pinos [&hellip;]<\/p>\n","protected":false},"author":3,"featured_media":184,"comment_status":"open","ping_status":"open","sticky":false,"template":"","format":"standard","meta":{"_et_pb_use_builder":"on","_et_pb_old_content":"","_et_gb_content_width":"","footnotes":""},"categories":[2],"tags":[],"class_list":["post-241","post","type-post","status-publish","format-standard","has-post-thumbnail","hentry","category-entidad"],"_links":{"self":[{"href":"https:\/\/feriaentidadestetuan.com\/index.php?rest_route=\/wp\/v2\/posts\/241","targetHints":{"allow":["GET"]}}],"collection":[{"href":"https:\/\/feriaentidadestetuan.com\/index.php?rest_route=\/wp\/v2\/posts"}],"about":[{"href":"https:\/\/feriaentidadestetuan.com\/index.php?rest_route=\/wp\/v2\/types\/post"}],"author":[{"embeddable":true,"href":"https:\/\/feriaentidadestetuan.com\/index.php?rest_route=\/wp\/v2\/users\/3"}],"replies":[{"embeddable":true,"href":"https:\/\/feriaentidadestetuan.com\/index.php?rest_route=%2Fwp%2Fv2%2Fcomments&post=241"}],"version-history":[{"count":9,"href":"https:\/\/feriaentidadestetuan.com\/index.php?rest_route=\/wp\/v2\/posts\/241\/revisions"}],"predecessor-version":[{"id":647,"href":"https:\/\/feriaentidadestetuan.com\/index.php?rest_route=\/wp\/v2\/posts\/241\/revisions\/647"}],"wp:featuredmedia":[{"embeddable":true,"href":"https:\/\/feriaentidadestetuan.com\/index.php?rest_route=\/wp\/v2\/media\/184"}],"wp:attachment":[{"href":"https:\/\/feriaentidadestetuan.com\/index.php?rest_route=%2Fwp%2Fv2%2Fmedia&parent=241"}],"wp:term":[{"taxonomy":"category","embeddable":true,"href":"https:\/\/feriaentidadestetuan.com\/index.php?rest_route=%2Fwp%2Fv2%2Fcategories&post=241"},{"taxonomy":"post_tag","embeddable":true,"href":"https:\/\/feriaentidadestetuan.com\/index.php?rest_route=%2Fwp%2Fv2%2Ftags&post=241"}],"curies":[{"name":"wp","href":"https:\/\/api.w.org\/{rel}","templated":true}]}}