{"id":223,"date":"2021-09-22T08:48:43","date_gmt":"2021-09-22T08:48:43","guid":{"rendered":"https:\/\/feriaentidadestetuan.com\/?p=223"},"modified":"2022-08-03T17:02:48","modified_gmt":"2022-08-03T17:02:48","slug":"grandes-amigos","status":"publish","type":"post","link":"https:\/\/feriaentidadestetuan.com\/?p=223","title":{"rendered":"Grandes Amigos"},"content":{"rendered":"<p>[et_pb_section fb_built=\u00bb1&#8243; _builder_version=\u00bb4.10.7&#8243; _module_preset=\u00bbdefault\u00bb global_colors_info=\u00bb{}\u00bb][et_pb_row _builder_version=\u00bb4.10.7&#8243; _module_preset=\u00bbdefault\u00bb global_colors_info=\u00bb{}\u00bb][et_pb_column type=\u00bb4_4&#8243; _builder_version=\u00bb4.10.7&#8243; _module_preset=\u00bbdefault\u00bb global_colors_info=\u00bb{}\u00bb][et_pb_image src=\u00bbhttps:\/\/feriaentidadestetuan.com\/wp-content\/uploads\/2021\/09\/logotipo-formato-cuadrado-con-fondo-Beatriz-Quijada.jpg\u00bb title_text=\u00bblogotipo formato cuadrado con fondo &#8211; Beatriz Quijada\u00bb _builder_version=\u00bb4.10.8&#8243; _module_preset=\u00bbdefault\u00bb width=\u00bb300px\u00bb module_alignment=\u00bbcenter\u00bb global_colors_info=\u00bb{}\u00bb][\/et_pb_image][\/et_pb_column][\/et_pb_row][\/et_pb_section][et_pb_section fb_built=\u00bb1&#8243; _builder_version=\u00bb4.10.8&#8243; _module_preset=\u00bbdefault\u00bb global_colors_info=\u00bb{}\u00bb][et_pb_row _builder_version=\u00bb4.10.8&#8243; _module_preset=\u00bbdefault\u00bb global_colors_info=\u00bb{}\u00bb][et_pb_column type=\u00bb4_4&#8243; _builder_version=\u00bb4.10.8&#8243; _module_preset=\u00bbdefault\u00bb global_colors_info=\u00bb{}\u00bb][et_pb_text _builder_version=\u00bb4.10.8&#8243; _module_preset=\u00bbdefault\u00bb custom_padding=\u00bb20px|20px|20px|20px|true|true\u00bb border_width_left=\u00bb2px\u00bb border_color_left=\u00bb#ff8f1d\u00bb global_colors_info=\u00bb{}\u00bb]<\/p>\n<p><span data-sheets-value=\"{&quot;1&quot;:2,&quot;2&quot;:&quot;Somos una ONG de voluntariado, de \u00e1mbito estatal y fundada en 2003, que acompa\u00f1amos a las personas mayores en riesgo o situaci\u00f3n de soledad y luchamos por sus derechos. Contribuimos a que puedan envejecer con salud, bienestar y dignidad.&quot;}\" data-sheets-userformat=\"{&quot;2&quot;:769,&quot;3&quot;:{&quot;1&quot;:0},&quot;11&quot;:4,&quot;12&quot;:0}\">Somos una ONG de voluntariado, de \u00e1mbito estatal y fundada en 2003, que acompa\u00f1amos a las personas mayores en riesgo o situaci\u00f3n de soledad y luchamos por sus derechos. Contribuimos a que puedan envejecer con salud, bienestar y dignidad.<\/span><\/p>\n<p>[\/et_pb_text][\/et_pb_column][\/et_pb_row][\/et_pb_section][et_pb_section fb_built=\u00bb1&#8243; _builder_version=\u00bb4.10.8&#8243; _module_preset=\u00bbdefault\u00bb custom_padding=\u00bb0px|||||\u00bb global_colors_info=\u00bb{}\u00bb][et_pb_row _builder_version=\u00bb4.10.8&#8243; _module_preset=\u00bbdefault\u00bb global_colors_info=\u00bb{}\u00bb][et_pb_column type=\u00bb4_4&#8243; _builder_version=\u00bb4.10.8&#8243; _module_preset=\u00bbdefault\u00bb global_colors_info=\u00bb{}\u00bb][et_pb_video src=\u00bbhttps:\/\/www.youtube.com\/watch?v=YP1Kd-I3Nss\u00bb _builder_version=\u00bb4.10.8&#8243; _module_preset=\u00bbdefault\u00bb global_colors_info=\u00bb{}\u00bb][\/et_pb_video][\/et_pb_column][\/et_pb_row][\/et_pb_section][et_pb_section fb_built=\u00bb1&#8243; _builder_version=\u00bb3.22&#8243; global_colors_info=\u00bb{}\u00bb][et_pb_row column_structure=\u00bb1_2,1_2&#8243; _builder_version=\u00bb3.25&#8243; background_size=\u00bbinitial\u00bb background_position=\u00bbtop_left\u00bb background_repeat=\u00bbrepeat\u00bb global_colors_info=\u00bb{}\u00bb][et_pb_column type=\u00bb1_2&#8243; _builder_version=\u00bb3.25&#8243; custom_padding=\u00bb|||\u00bb global_colors_info=\u00bb{}\u00bb custom_padding__hover=\u00bb|||\u00bb][et_pb_text _builder_version=\u00bb3.27.4&#8243; background_size=\u00bbinitial\u00bb background_position=\u00bbtop_left\u00bb background_repeat=\u00bbrepeat\u00bb global_colors_info=\u00bb{}\u00bb]<\/p>\n<h2>Direcci\u00f3n<\/h2>\n<p><span data-sheets-value=\"{&quot;1&quot;:2,&quot;2&quot;:&quot;C\/ Embajadores 206 duplicado, 1\u00ba C (Madrid)&quot;}\" data-sheets-userformat=\"{&quot;2&quot;:769,&quot;3&quot;:{&quot;1&quot;:0},&quot;11&quot;:4,&quot;12&quot;:0}\">C\/ Embajadores 206 duplicado, 1\u00ba C (Madrid)<\/span><\/p>\n<p><span data-sheets-value=\"{&quot;1&quot;:2,&quot;2&quot;:&quot;www.grandesamigos.org&quot;}\" data-sheets-userformat=\"{&quot;2&quot;:769,&quot;3&quot;:{&quot;1&quot;:0},&quot;11&quot;:4,&quot;12&quot;:0}\" data-sheets-hyperlink=\"http:\/\/www.grandesamigos.org\"><a class=\"in-cell-link\" href=\"http:\/\/www.grandesamigos.org\" target=\"_blank\" rel=\"noopener\">www.grandesamigos.org<\/a><\/span><\/p>\n<p><span data-sheets-value=\"{&quot;1&quot;:2,&quot;2&quot;:&quot;Calle Bravo Murillo, 133 3\u00aa y 4\u00aa planta (entrada por Juan Pantoja, 2)&quot;}\" data-sheets-userformat=\"{&quot;2&quot;:769,&quot;3&quot;:{&quot;1&quot;:0},&quot;11&quot;:4,&quot;12&quot;:0}\"><\/span><\/p>\n<p>[\/et_pb_text][\/et_pb_column][et_pb_column type=\u00bb1_2&#8243; _builder_version=\u00bb3.25&#8243; custom_padding=\u00bb|||\u00bb global_colors_info=\u00bb{}\u00bb custom_padding__hover=\u00bb|||\u00bb][et_pb_text _builder_version=\u00bb4.10.8&#8243; background_size=\u00bbinitial\u00bb background_position=\u00bbtop_left\u00bb background_repeat=\u00bbrepeat\u00bb global_colors_info=\u00bb{}\u00bb]<\/p>\n<h2>Contacto<\/h2>\n<p><span>Telf: 91 359 93 05<\/span><\/p>\n<p>Email: <a href=\"mailto:info@grandesamigos.org\">info@grandesamigos.org<\/a><\/p>\n<p>[\/et_pb_text][\/et_pb_column][\/et_pb_row][\/et_pb_section][et_pb_section fb_built=\u00bb1&#8243; _builder_version=\u00bb4.10.7&#8243; _module_preset=\u00bbdefault\u00bb global_colors_info=\u00bb{}\u00bb][et_pb_row _builder_version=\u00bb4.10.7&#8243; _module_preset=\u00bbdefault\u00bb global_colors_info=\u00bb{}\u00bb][et_pb_column type=\u00bb4_4&#8243; _builder_version=\u00bb4.10.7&#8243; _module_preset=\u00bbdefault\u00bb global_colors_info=\u00bb{}\u00bb][et_pb_blurb title=\u00bbActividades\u00bb use_icon=\u00bbon\u00bb font_icon=\u00bb%%259%%\u00bb icon_color=\u00bb#FF8E2E\u00bb icon_placement=\u00bbleft\u00bb _builder_version=\u00bb4.10.8&#8243; _module_preset=\u00bbdefault\u00bb header_font=\u00bb|600|||||||\u00bb header_line_height=\u00bb2em\u00bb global_colors_info=\u00bb{}\u00bb]<\/p>\n<p><span data-sheets-value=\"{&quot;1&quot;:2,&quot;2&quot;:&quot;Participa como voluntario\/a: si eres mayor de edad y te gusta relacionarte con personas mayores; Participa como beneficiario\/a de cualquier programa: si tienes m\u00e1s de 65 a\u00f1os te sientes solo\/a y quieres ampliar tu red.&quot;}\" data-sheets-userformat=\"{&quot;2&quot;:769,&quot;3&quot;:{&quot;1&quot;:0},&quot;11&quot;:4,&quot;12&quot;:0}\">Participa como voluntario\/a: si eres mayor de edad y te gusta relacionarte con personas mayores; Participa como beneficiario\/a de cualquier programa: si tienes m\u00e1s de 65 a\u00f1os te sientes solo\/a y quieres ampliar tu red.<\/span><\/p>\n<p>[\/et_pb_blurb][et_pb_divider color=\u00bb#ff8f1d\u00bb _builder_version=\u00bb4.10.8&#8243; _module_preset=\u00bbdefault\u00bb custom_margin=\u00bb50px||||false|false\u00bb global_colors_info=\u00bb{}\u00bb][\/et_pb_divider][et_pb_blurb title=\u00bbProyectos\u00bb use_icon=\u00bbon\u00bb font_icon=\u00bb%%234%%\u00bb icon_color=\u00bb#FF8E2E\u00bb icon_placement=\u00bbleft\u00bb _builder_version=\u00bb4.10.8&#8243; _module_preset=\u00bbdefault\u00bb header_font=\u00bb|600|||||||\u00bb header_line_height=\u00bb2em\u00bb custom_margin=\u00bb||||false|false\u00bb global_colors_info=\u00bb{}\u00bb]<\/p>\n<ol>\n<li><span data-sheets-value=\"{&quot;1&quot;:2,&quot;2&quot;:&quot;-Acompa\u00f1amiento Presencial: relaci\u00f3n rec\u00edproca entre persona voluntaria y persona mayor una vez por semana en domicilio y residencias; -  Grandes Vecinos: prevenci\u00f3n de la soledad creando red vecinal entre personas mayores y voluntarias; - Sensibilizaci\u00f3n: campa\u00f1as a favor de los derechos y dignidad de lasa personas mayores; -Socializaci\u00f3n: ocio intergeneracional en el grupos para ampliar los c\u00edrculos de amistad.&quot;}\" data-sheets-userformat=\"{&quot;2&quot;:769,&quot;3&quot;:{&quot;1&quot;:0},&quot;11&quot;:4,&quot;12&quot;:0}\">Acompa\u00f1amiento Presencial: relaci\u00f3n rec\u00edproca entre persona voluntaria y persona mayor una vez por semana en domicilio y residencias; <\/span><\/li>\n<li><span data-sheets-value=\"{&quot;1&quot;:2,&quot;2&quot;:&quot;-Acompa\u00f1amiento Presencial: relaci\u00f3n rec\u00edproca entre persona voluntaria y persona mayor una vez por semana en domicilio y residencias; -  Grandes Vecinos: prevenci\u00f3n de la soledad creando red vecinal entre personas mayores y voluntarias; - Sensibilizaci\u00f3n: campa\u00f1as a favor de los derechos y dignidad de lasa personas mayores; -Socializaci\u00f3n: ocio intergeneracional en el grupos para ampliar los c\u00edrculos de amistad.&quot;}\" data-sheets-userformat=\"{&quot;2&quot;:769,&quot;3&quot;:{&quot;1&quot;:0},&quot;11&quot;:4,&quot;12&quot;:0}\">Grandes Vecinos: prevenci\u00f3n de la soledad creando red vecinal entre personas mayores y voluntarias; <\/span><\/li>\n<li><span data-sheets-value=\"{&quot;1&quot;:2,&quot;2&quot;:&quot;-Acompa\u00f1amiento Presencial: relaci\u00f3n rec\u00edproca entre persona voluntaria y persona mayor una vez por semana en domicilio y residencias; -  Grandes Vecinos: prevenci\u00f3n de la soledad creando red vecinal entre personas mayores y voluntarias; - Sensibilizaci\u00f3n: campa\u00f1as a favor de los derechos y dignidad de lasa personas mayores; -Socializaci\u00f3n: ocio intergeneracional en el grupos para ampliar los c\u00edrculos de amistad.&quot;}\" data-sheets-userformat=\"{&quot;2&quot;:769,&quot;3&quot;:{&quot;1&quot;:0},&quot;11&quot;:4,&quot;12&quot;:0}\">Sensibilizaci\u00f3n: campa\u00f1as a favor de los derechos y dignidad de lasa personas mayores; <\/span><\/li>\n<li><span data-sheets-value=\"{&quot;1&quot;:2,&quot;2&quot;:&quot;-Acompa\u00f1amiento Presencial: relaci\u00f3n rec\u00edproca entre persona voluntaria y persona mayor una vez por semana en domicilio y residencias; -  Grandes Vecinos: prevenci\u00f3n de la soledad creando red vecinal entre personas mayores y voluntarias; - Sensibilizaci\u00f3n: campa\u00f1as a favor de los derechos y dignidad de lasa personas mayores; -Socializaci\u00f3n: ocio intergeneracional en el grupos para ampliar los c\u00edrculos de amistad.&quot;}\" data-sheets-userformat=\"{&quot;2&quot;:769,&quot;3&quot;:{&quot;1&quot;:0},&quot;11&quot;:4,&quot;12&quot;:0}\">Socializaci\u00f3n: ocio intergeneracional en el grupos para ampliar los c\u00edrculos de amistad.<\/span><\/li>\n<\/ol>\n<ol><\/ol>\n<p>[\/et_pb_blurb][\/et_pb_column][\/et_pb_row][\/et_pb_section]<\/p>\n","protected":false},"excerpt":{"rendered":"<p>Somos una ONG de voluntariado, de \u00e1mbito estatal y fundada en 2003, que acompa\u00f1amos a las personas mayores en riesgo o situaci\u00f3n de soledad y luchamos por sus derechos. Contribuimos a que puedan envejecer con salud, bienestar y dignidad.Direcci\u00f3n C\/ Embajadores 206 duplicado, 1\u00ba C (Madrid) www.grandesamigos.org Contacto Telf: 91 359 93 05 Email: info@grandesamigos.orgParticipa [&hellip;]<\/p>\n","protected":false},"author":3,"featured_media":188,"comment_status":"open","ping_status":"open","sticky":false,"template":"","format":"standard","meta":{"_et_pb_use_builder":"on","_et_pb_old_content":"","_et_gb_content_width":"","footnotes":""},"categories":[2],"tags":[],"class_list":["post-223","post","type-post","status-publish","format-standard","has-post-thumbnail","hentry","category-entidad"],"_links":{"self":[{"href":"https:\/\/feriaentidadestetuan.com\/index.php?rest_route=\/wp\/v2\/posts\/223","targetHints":{"allow":["GET"]}}],"collection":[{"href":"https:\/\/feriaentidadestetuan.com\/index.php?rest_route=\/wp\/v2\/posts"}],"about":[{"href":"https:\/\/feriaentidadestetuan.com\/index.php?rest_route=\/wp\/v2\/types\/post"}],"author":[{"embeddable":true,"href":"https:\/\/feriaentidadestetuan.com\/index.php?rest_route=\/wp\/v2\/users\/3"}],"replies":[{"embeddable":true,"href":"https:\/\/feriaentidadestetuan.com\/index.php?rest_route=%2Fwp%2Fv2%2Fcomments&post=223"}],"version-history":[{"count":7,"href":"https:\/\/feriaentidadestetuan.com\/index.php?rest_route=\/wp\/v2\/posts\/223\/revisions"}],"predecessor-version":[{"id":651,"href":"https:\/\/feriaentidadestetuan.com\/index.php?rest_route=\/wp\/v2\/posts\/223\/revisions\/651"}],"wp:featuredmedia":[{"embeddable":true,"href":"https:\/\/feriaentidadestetuan.com\/index.php?rest_route=\/wp\/v2\/media\/188"}],"wp:attachment":[{"href":"https:\/\/feriaentidadestetuan.com\/index.php?rest_route=%2Fwp%2Fv2%2Fmedia&parent=223"}],"wp:term":[{"taxonomy":"category","embeddable":true,"href":"https:\/\/feriaentidadestetuan.com\/index.php?rest_route=%2Fwp%2Fv2%2Fcategories&post=223"},{"taxonomy":"post_tag","embeddable":true,"href":"https:\/\/feriaentidadestetuan.com\/index.php?rest_route=%2Fwp%2Fv2%2Ftags&post=223"}],"curies":[{"name":"wp","href":"https:\/\/api.w.org\/{rel}","templated":true}]}}