{"id":163,"date":"2021-09-22T08:44:15","date_gmt":"2021-09-22T08:44:15","guid":{"rendered":"https:\/\/feriaentidadestetuan.com\/?p=163"},"modified":"2022-08-03T17:03:11","modified_gmt":"2022-08-03T17:03:11","slug":"oficina-municipal-de-informacion-orientacion-y-acompanamiento-para-la-integracion-social-de-la-poblacion-inmigrante-del-ayuntamiento-de-madrid","status":"publish","type":"post","link":"https:\/\/feriaentidadestetuan.com\/?p=163","title":{"rendered":"Oficina Municipal de Informaci\u00f3n, Orientaci\u00f3n y Acompa\u00f1amiento para la Integraci\u00f3n Social de la Poblaci\u00f3n Inmigrante del Ayuntamiento de Madrid"},"content":{"rendered":"<p>[et_pb_section fb_built=\u00bb1&#8243; _builder_version=\u00bb4.10.7&#8243; _module_preset=\u00bbdefault\u00bb global_colors_info=\u00bb{}\u00bb][et_pb_row _builder_version=\u00bb4.10.7&#8243; _module_preset=\u00bbdefault\u00bb global_colors_info=\u00bb{}\u00bb][et_pb_column type=\u00bb4_4&#8243; _builder_version=\u00bb4.10.7&#8243; _module_preset=\u00bbdefault\u00bb global_colors_info=\u00bb{}\u00bb][et_pb_image src=\u00bbhttps:\/\/feriaentidadestetuan.com\/wp-content\/uploads\/2021\/09\/Logo-Area-familias-igualdad-y-bienestar-social-1-Oficina-Municipal-de-Inmigracion-Oficina-Norte.jpg\u00bb title_text=\u00bbLogo \u00c1rea (familias, igualdad y bienestar social) (1) &#8211; Oficina Municipal de Inmigraci\u00f3n Oficina Norte\u00bb _builder_version=\u00bb4.10.8&#8243; _module_preset=\u00bbdefault\u00bb width=\u00bb300px\u00bb module_alignment=\u00bbcenter\u00bb global_colors_info=\u00bb{}\u00bb][\/et_pb_image][\/et_pb_column][\/et_pb_row][\/et_pb_section][et_pb_section fb_built=\u00bb1&#8243; _builder_version=\u00bb4.10.8&#8243; _module_preset=\u00bbdefault\u00bb global_colors_info=\u00bb{}\u00bb][et_pb_row _builder_version=\u00bb4.10.8&#8243; _module_preset=\u00bbdefault\u00bb global_colors_info=\u00bb{}\u00bb][et_pb_column type=\u00bb4_4&#8243; _builder_version=\u00bb4.10.8&#8243; _module_preset=\u00bbdefault\u00bb global_colors_info=\u00bb{}\u00bb][et_pb_text _builder_version=\u00bb4.10.8&#8243; _module_preset=\u00bbdefault\u00bb custom_padding=\u00bb20px|20px|20px|20px|true|true\u00bb border_width_left=\u00bb2px\u00bb border_color_left=\u00bb#ff8f1d\u00bb global_colors_info=\u00bb{}\u00bb]<\/p>\n<p><span data-sheets-value=\"{&quot;1&quot;:2,&quot;2&quot;:&quot;Las Oficinas de Informaci\u00f3n, Integraci\u00f3n y Acompa\u00f1amiento a la Poblaci\u00f3n\\nInmigrante de Madrid, ubicadas en los distritos de Tetu\u00e1n y Carabanchel,\\nson concebidas como centros de apoyo al proceso de integraci\u00f3n de la\\npoblaci\u00f3n inmigrante. Desde las oficinas creamos espacios de encuentro e\\nintercambio cultural con las personas participantes con los que se\\npromueve la participaci\u00f3n ciudadana y que facilitan una verdadera\\nconvivencia intercultural en nuestra ciudad.\\n&quot;}\" data-sheets-userformat=\"{&quot;2&quot;:769,&quot;3&quot;:{&quot;1&quot;:0},&quot;11&quot;:4,&quot;12&quot;:0}\">Las Oficinas de Informaci\u00f3n, Integraci\u00f3n y Acompa\u00f1amiento a la Poblaci\u00f3n Inmigrante de Madrid, ubicadas en los distritos de Tetu\u00e1n y Carabanchel, son concebidas como centros de apoyo al proceso de integraci\u00f3n de la poblaci\u00f3n inmigrante. Desde las oficinas creamos espacios de encuentro e intercambio cultural con las personas participantes con los que se promueve la participaci\u00f3n ciudadana y que facilitan una verdadera convivencia intercultural en nuestra ciudad.<br \/><\/span><\/p>\n<p>[\/et_pb_text][\/et_pb_column][\/et_pb_row][\/et_pb_section][et_pb_section fb_built=\u00bb1&#8243; _builder_version=\u00bb4.10.8&#8243; _module_preset=\u00bbdefault\u00bb custom_padding=\u00bb0px|||||\u00bb global_colors_info=\u00bb{}\u00bb][et_pb_row _builder_version=\u00bb4.10.8&#8243; _module_preset=\u00bbdefault\u00bb global_colors_info=\u00bb{}\u00bb][et_pb_column type=\u00bb4_4&#8243; _builder_version=\u00bb4.10.8&#8243; _module_preset=\u00bbdefault\u00bb global_colors_info=\u00bb{}\u00bb][et_pb_video src=\u00bbhttps:\/\/www.youtube.com\/watch?v=MRcYFG3yoAU\u00bb _builder_version=\u00bb4.10.8&#8243; _module_preset=\u00bbdefault\u00bb global_colors_info=\u00bb{}\u00bb][\/et_pb_video][\/et_pb_column][\/et_pb_row][\/et_pb_section][et_pb_section fb_built=\u00bb1&#8243; _builder_version=\u00bb3.22&#8243; global_colors_info=\u00bb{}\u00bb][et_pb_row column_structure=\u00bb1_2,1_2&#8243; _builder_version=\u00bb3.25&#8243; background_size=\u00bbinitial\u00bb background_position=\u00bbtop_left\u00bb background_repeat=\u00bbrepeat\u00bb global_colors_info=\u00bb{}\u00bb][et_pb_column type=\u00bb1_2&#8243; _builder_version=\u00bb3.25&#8243; custom_padding=\u00bb|||\u00bb global_colors_info=\u00bb{}\u00bb custom_padding__hover=\u00bb|||\u00bb][et_pb_text _builder_version=\u00bb3.27.4&#8243; background_size=\u00bbinitial\u00bb background_position=\u00bbtop_left\u00bb background_repeat=\u00bbrepeat\u00bb global_colors_info=\u00bb{}\u00bb]<\/p>\n<h2>Direcci\u00f3n<\/h2>\n<p><span data-sheets-value=\"{&quot;1&quot;:2,&quot;2&quot;:&quot;C\/ Juan Pantoja 2 1\u00aa planta&quot;}\" data-sheets-userformat=\"{&quot;2&quot;:769,&quot;3&quot;:{&quot;1&quot;:0},&quot;11&quot;:4,&quot;12&quot;:0}\">C\/ Juan Pantoja 2 1\u00aa planta<\/span><\/p>\n<p><span data-sheets-value=\"{&quot;1&quot;:2,&quot;2&quot;:&quot;oficinamunicipalinmigracion.es&quot;}\" data-sheets-userformat=\"{&quot;2&quot;:769,&quot;3&quot;:{&quot;1&quot;:0},&quot;11&quot;:4,&quot;12&quot;:0}\" data-sheets-hyperlink=\"http:\/\/oficinamunicipalinmigracion.es\"><a class=\"in-cell-link\" href=\"http:\/\/oficinamunicipalinmigracion.es\" target=\"_blank\" rel=\"noopener\">oficinamunicipalinmigracion.es<\/a><\/span><\/p>\n<p><span data-sheets-value=\"{&quot;1&quot;:2,&quot;2&quot;:&quot;Calle Bravo Murillo, 133 3\u00aa y 4\u00aa planta (entrada por Juan Pantoja, 2)&quot;}\" data-sheets-userformat=\"{&quot;2&quot;:769,&quot;3&quot;:{&quot;1&quot;:0},&quot;11&quot;:4,&quot;12&quot;:0}\"><\/span><\/p>\n<p>[\/et_pb_text][\/et_pb_column][et_pb_column type=\u00bb1_2&#8243; _builder_version=\u00bb3.25&#8243; custom_padding=\u00bb|||\u00bb global_colors_info=\u00bb{}\u00bb custom_padding__hover=\u00bb|||\u00bb][et_pb_text _builder_version=\u00bb4.10.8&#8243; background_size=\u00bbinitial\u00bb background_position=\u00bbtop_left\u00bb background_repeat=\u00bbrepeat\u00bb global_colors_info=\u00bb{}\u00bb]<\/p>\n<h2>Contacto<\/h2>\n<p><span>Telf: 91 758 14 37<\/span><\/p>\n<p>Email: <a href=\"mailto:oficinainmigracion@oficinainmigracion.info\">oficinainmigracion@oficinainmigracion.info<\/a><\/p>\n<p>[\/et_pb_text][\/et_pb_column][\/et_pb_row][\/et_pb_section][et_pb_section fb_built=\u00bb1&#8243; _builder_version=\u00bb4.10.7&#8243; _module_preset=\u00bbdefault\u00bb global_colors_info=\u00bb{}\u00bb][et_pb_row _builder_version=\u00bb4.10.7&#8243; _module_preset=\u00bbdefault\u00bb global_colors_info=\u00bb{}\u00bb][et_pb_column type=\u00bb4_4&#8243; _builder_version=\u00bb4.10.7&#8243; _module_preset=\u00bbdefault\u00bb global_colors_info=\u00bb{}\u00bb][et_pb_blurb title=\u00bbActividades\u00bb use_icon=\u00bbon\u00bb font_icon=\u00bb%%259%%\u00bb icon_color=\u00bb#FF8E2E\u00bb icon_placement=\u00bbleft\u00bb _builder_version=\u00bb4.10.8&#8243; _module_preset=\u00bbdefault\u00bb header_font=\u00bb|600|||||||\u00bb header_line_height=\u00bb2em\u00bb global_colors_info=\u00bb{}\u00bb]<\/p>\n<p><span data-sheets-value=\"{&quot;1&quot;:2,&quot;2&quot;:&quot;Todos las actividades son de acceso libre. El \u00e1rea de informaci\u00f3n y orientaci\u00f3n general tanto en extranjer\u00eda o social se puede tener acceso por medio de atenci\u00f3n telef\u00f3nica, consulta online o la web. Para la asignaci\u00f3n de cita previa debe de ser por los anteriores medios. Se requiere inscripci\u00f3n previa para los talleres (a trav\u00e9s de la web) y cita previa para el \u00e1rea de empleo. Para Espa\u00f1ol primero debe de solicitarse y acceder a la prueba de nivel.&quot;}\" data-sheets-userformat=\"{&quot;2&quot;:769,&quot;3&quot;:{&quot;1&quot;:0},&quot;11&quot;:4,&quot;12&quot;:0}\">Todos las actividades son de acceso libre. El \u00e1rea de informaci\u00f3n y orientaci\u00f3n general tanto en extranjer\u00eda o social se puede tener acceso por medio de atenci\u00f3n telef\u00f3nica, consulta online o la web. Para la asignaci\u00f3n de cita previa debe de ser por los anteriores medios. Se requiere inscripci\u00f3n previa para los talleres (a trav\u00e9s de la web) y cita previa para el \u00e1rea de empleo. Para Espa\u00f1ol primero debe de solicitarse y acceder a la prueba de nivel.<\/span><\/p>\n<p>[\/et_pb_blurb][et_pb_divider color=\u00bb#ff8f1d\u00bb _builder_version=\u00bb4.10.8&#8243; _module_preset=\u00bbdefault\u00bb custom_margin=\u00bb50px||||false|false\u00bb global_colors_info=\u00bb{}\u00bb][\/et_pb_divider][et_pb_blurb title=\u00bbProyectos\u00bb use_icon=\u00bbon\u00bb font_icon=\u00bb%%234%%\u00bb icon_color=\u00bb#FF8E2E\u00bb icon_placement=\u00bbleft\u00bb _builder_version=\u00bb4.10.8&#8243; _module_preset=\u00bbdefault\u00bb header_font=\u00bb|600|||||||\u00bb header_line_height=\u00bb2em\u00bb custom_margin=\u00bb||||false|false\u00bb global_colors_info=\u00bb{}\u00bb]<\/p>\n<p><span data-sheets-value=\"{&quot;1&quot;:2,&quot;2&quot;:&quot;Por otra parte, cuenta con recursos espec\u00edficos de car\u00e1cter formativo,\\ninformativo y documental que facilitan su integraci\u00f3n social para todas\\naquellas personas que inicien en nuestra ciudad un nuevo proceso\\nmigratorio o que est\u00e9n pensado iniciarlo en un tercer pa\u00eds. Los servicios que se prestan en las oficinas son:\\nServicio de Informaci\u00f3n y Orientaci\u00f3n General.\\nServicio de Orientaci\u00f3n Laboral y Formaci\u00f3n Ocupacional.\\nClases de espa\u00f1ol y Alfabetizaci\u00f3n.\\nServicio de Acompa\u00f1amiento Social.\\nActividades de Promoci\u00f3n de la Convivencia Social e Intercultural&quot;}\" data-sheets-userformat=\"{&quot;2&quot;:769,&quot;3&quot;:{&quot;1&quot;:0},&quot;11&quot;:4,&quot;12&quot;:0}\">Por otra parte, cuenta con recursos espec\u00edficos de car\u00e1cter formativo, informativo y documental que facilitan su integraci\u00f3n social para todas aquellas personas que inicien en nuestra ciudad un nuevo proceso migratorio o que est\u00e9n pensado iniciarlo en un tercer pa\u00eds. Los servicios que se prestan en las oficinas son:<\/span><\/p>\n<p><span data-sheets-value=\"{&quot;1&quot;:2,&quot;2&quot;:&quot;Por otra parte, cuenta con recursos espec\u00edficos de car\u00e1cter formativo,\\ninformativo y documental que facilitan su integraci\u00f3n social para todas\\naquellas personas que inicien en nuestra ciudad un nuevo proceso\\nmigratorio o que est\u00e9n pensado iniciarlo en un tercer pa\u00eds. Los servicios que se prestan en las oficinas son:\\nServicio de Informaci\u00f3n y Orientaci\u00f3n General.\\nServicio de Orientaci\u00f3n Laboral y Formaci\u00f3n Ocupacional.\\nClases de espa\u00f1ol y Alfabetizaci\u00f3n.\\nServicio de Acompa\u00f1amiento Social.\\nActividades de Promoci\u00f3n de la Convivencia Social e Intercultural&quot;}\" data-sheets-userformat=\"{&quot;2&quot;:769,&quot;3&quot;:{&quot;1&quot;:0},&quot;11&quot;:4,&quot;12&quot;:0}\"><\/span><\/p>\n<ul>\n<li><span data-sheets-value=\"{&quot;1&quot;:2,&quot;2&quot;:&quot;Por otra parte, cuenta con recursos espec\u00edficos de car\u00e1cter formativo,\\ninformativo y documental que facilitan su integraci\u00f3n social para todas\\naquellas personas que inicien en nuestra ciudad un nuevo proceso\\nmigratorio o que est\u00e9n pensado iniciarlo en un tercer pa\u00eds. Los servicios que se prestan en las oficinas son:\\nServicio de Informaci\u00f3n y Orientaci\u00f3n General.\\nServicio de Orientaci\u00f3n Laboral y Formaci\u00f3n Ocupacional.\\nClases de espa\u00f1ol y Alfabetizaci\u00f3n.\\nServicio de Acompa\u00f1amiento Social.\\nActividades de Promoci\u00f3n de la Convivencia Social e Intercultural&quot;}\" data-sheets-userformat=\"{&quot;2&quot;:769,&quot;3&quot;:{&quot;1&quot;:0},&quot;11&quot;:4,&quot;12&quot;:0}\">Servicio de Informaci\u00f3n y Orientaci\u00f3n General.<\/span><\/li>\n<li><span data-sheets-value=\"{&quot;1&quot;:2,&quot;2&quot;:&quot;Por otra parte, cuenta con recursos espec\u00edficos de car\u00e1cter formativo,\\ninformativo y documental que facilitan su integraci\u00f3n social para todas\\naquellas personas que inicien en nuestra ciudad un nuevo proceso\\nmigratorio o que est\u00e9n pensado iniciarlo en un tercer pa\u00eds. Los servicios que se prestan en las oficinas son:\\nServicio de Informaci\u00f3n y Orientaci\u00f3n General.\\nServicio de Orientaci\u00f3n Laboral y Formaci\u00f3n Ocupacional.\\nClases de espa\u00f1ol y Alfabetizaci\u00f3n.\\nServicio de Acompa\u00f1amiento Social.\\nActividades de Promoci\u00f3n de la Convivencia Social e Intercultural&quot;}\" data-sheets-userformat=\"{&quot;2&quot;:769,&quot;3&quot;:{&quot;1&quot;:0},&quot;11&quot;:4,&quot;12&quot;:0}\">Servicio de Orientaci\u00f3n Laboral y Formaci\u00f3n Ocupacional.<\/span><\/li>\n<li><span data-sheets-value=\"{&quot;1&quot;:2,&quot;2&quot;:&quot;Por otra parte, cuenta con recursos espec\u00edficos de car\u00e1cter formativo,\\ninformativo y documental que facilitan su integraci\u00f3n social para todas\\naquellas personas que inicien en nuestra ciudad un nuevo proceso\\nmigratorio o que est\u00e9n pensado iniciarlo en un tercer pa\u00eds. Los servicios que se prestan en las oficinas son:\\nServicio de Informaci\u00f3n y Orientaci\u00f3n General.\\nServicio de Orientaci\u00f3n Laboral y Formaci\u00f3n Ocupacional.\\nClases de espa\u00f1ol y Alfabetizaci\u00f3n.\\nServicio de Acompa\u00f1amiento Social.\\nActividades de Promoci\u00f3n de la Convivencia Social e Intercultural&quot;}\" data-sheets-userformat=\"{&quot;2&quot;:769,&quot;3&quot;:{&quot;1&quot;:0},&quot;11&quot;:4,&quot;12&quot;:0}\">Clases de espa\u00f1ol y Alfabetizaci\u00f3n.<\/span><\/li>\n<li><span data-sheets-value=\"{&quot;1&quot;:2,&quot;2&quot;:&quot;Por otra parte, cuenta con recursos espec\u00edficos de car\u00e1cter formativo,\\ninformativo y documental que facilitan su integraci\u00f3n social para todas\\naquellas personas que inicien en nuestra ciudad un nuevo proceso\\nmigratorio o que est\u00e9n pensado iniciarlo en un tercer pa\u00eds. Los servicios que se prestan en las oficinas son:\\nServicio de Informaci\u00f3n y Orientaci\u00f3n General.\\nServicio de Orientaci\u00f3n Laboral y Formaci\u00f3n Ocupacional.\\nClases de espa\u00f1ol y Alfabetizaci\u00f3n.\\nServicio de Acompa\u00f1amiento Social.\\nActividades de Promoci\u00f3n de la Convivencia Social e Intercultural&quot;}\" data-sheets-userformat=\"{&quot;2&quot;:769,&quot;3&quot;:{&quot;1&quot;:0},&quot;11&quot;:4,&quot;12&quot;:0}\">Servicio de Acompa\u00f1amiento Social.<\/span><\/li>\n<li><span data-sheets-value=\"{&quot;1&quot;:2,&quot;2&quot;:&quot;Por otra parte, cuenta con recursos espec\u00edficos de car\u00e1cter formativo,\\ninformativo y documental que facilitan su integraci\u00f3n social para todas\\naquellas personas que inicien en nuestra ciudad un nuevo proceso\\nmigratorio o que est\u00e9n pensado iniciarlo en un tercer pa\u00eds. Los servicios que se prestan en las oficinas son:\\nServicio de Informaci\u00f3n y Orientaci\u00f3n General.\\nServicio de Orientaci\u00f3n Laboral y Formaci\u00f3n Ocupacional.\\nClases de espa\u00f1ol y Alfabetizaci\u00f3n.\\nServicio de Acompa\u00f1amiento Social.\\nActividades de Promoci\u00f3n de la Convivencia Social e Intercultural&quot;}\" data-sheets-userformat=\"{&quot;2&quot;:769,&quot;3&quot;:{&quot;1&quot;:0},&quot;11&quot;:4,&quot;12&quot;:0}\">Actividades de Promoci\u00f3n de la Convivencia Social e Intercultural<\/span><\/li>\n<\/ul>\n<p>[\/et_pb_blurb][\/et_pb_column][\/et_pb_row][\/et_pb_section]<\/p>\n","protected":false},"excerpt":{"rendered":"<p>Las Oficinas de Informaci\u00f3n, Integraci\u00f3n y Acompa\u00f1amiento a la Poblaci\u00f3n Inmigrante de Madrid, ubicadas en los distritos de Tetu\u00e1n y Carabanchel, son concebidas como centros de apoyo al proceso de integraci\u00f3n de la poblaci\u00f3n inmigrante. Desde las oficinas creamos espacios de encuentro e intercambio cultural con las personas participantes con los que se promueve la [&hellip;]<\/p>\n","protected":false},"author":3,"featured_media":189,"comment_status":"open","ping_status":"open","sticky":false,"template":"","format":"standard","meta":{"_et_pb_use_builder":"on","_et_pb_old_content":"","_et_gb_content_width":"","footnotes":""},"categories":[2],"tags":[],"class_list":["post-163","post","type-post","status-publish","format-standard","has-post-thumbnail","hentry","category-entidad"],"_links":{"self":[{"href":"https:\/\/feriaentidadestetuan.com\/index.php?rest_route=\/wp\/v2\/posts\/163","targetHints":{"allow":["GET"]}}],"collection":[{"href":"https:\/\/feriaentidadestetuan.com\/index.php?rest_route=\/wp\/v2\/posts"}],"about":[{"href":"https:\/\/feriaentidadestetuan.com\/index.php?rest_route=\/wp\/v2\/types\/post"}],"author":[{"embeddable":true,"href":"https:\/\/feriaentidadestetuan.com\/index.php?rest_route=\/wp\/v2\/users\/3"}],"replies":[{"embeddable":true,"href":"https:\/\/feriaentidadestetuan.com\/index.php?rest_route=%2Fwp%2Fv2%2Fcomments&post=163"}],"version-history":[{"count":11,"href":"https:\/\/feriaentidadestetuan.com\/index.php?rest_route=\/wp\/v2\/posts\/163\/revisions"}],"predecessor-version":[{"id":652,"href":"https:\/\/feriaentidadestetuan.com\/index.php?rest_route=\/wp\/v2\/posts\/163\/revisions\/652"}],"wp:featuredmedia":[{"embeddable":true,"href":"https:\/\/feriaentidadestetuan.com\/index.php?rest_route=\/wp\/v2\/media\/189"}],"wp:attachment":[{"href":"https:\/\/feriaentidadestetuan.com\/index.php?rest_route=%2Fwp%2Fv2%2Fmedia&parent=163"}],"wp:term":[{"taxonomy":"category","embeddable":true,"href":"https:\/\/feriaentidadestetuan.com\/index.php?rest_route=%2Fwp%2Fv2%2Fcategories&post=163"},{"taxonomy":"post_tag","embeddable":true,"href":"https:\/\/feriaentidadestetuan.com\/index.php?rest_route=%2Fwp%2Fv2%2Ftags&post=163"}],"curies":[{"name":"wp","href":"https:\/\/api.w.org\/{rel}","templated":true}]}}