{"id":155,"date":"2021-09-22T08:10:40","date_gmt":"2021-09-22T08:10:40","guid":{"rendered":"https:\/\/feriaentidadestetuan.com\/?p=155"},"modified":"2022-08-03T17:04:45","modified_gmt":"2022-08-03T17:04:45","slug":"espacio-de-igualdad-hermanas-mirabal","status":"publish","type":"post","link":"https:\/\/feriaentidadestetuan.com\/?p=155","title":{"rendered":"Espacio de Igualdad Hermanas Mirabal"},"content":{"rendered":"<p>[et_pb_section fb_built=\u00bb1&#8243; _builder_version=\u00bb4.10.7&#8243; _module_preset=\u00bbdefault\u00bb global_colors_info=\u00bb{}\u00bb][et_pb_row _builder_version=\u00bb4.10.7&#8243; _module_preset=\u00bbdefault\u00bb global_colors_info=\u00bb{}\u00bb][et_pb_column type=\u00bb4_4&#8243; _builder_version=\u00bb4.10.7&#8243; _module_preset=\u00bbdefault\u00bb global_colors_info=\u00bb{}\u00bb][et_pb_image src=\u00bbhttps:\/\/feriaentidadestetuan.com\/wp-content\/uploads\/2021\/09\/Logo-H-MirabalUNO-Ana-Garcia-Barbeito-Trabe.jpg\u00bb title_text=\u00bbLogo H MirabalUNO &#8211; Ana Garc\u00eda Barbeito Trabe\u00bb _builder_version=\u00bb4.10.8&#8243; _module_preset=\u00bbdefault\u00bb width=\u00bb300px\u00bb module_alignment=\u00bbcenter\u00bb global_colors_info=\u00bb{}\u00bb][\/et_pb_image][\/et_pb_column][\/et_pb_row][\/et_pb_section][et_pb_section fb_built=\u00bb1&#8243; _builder_version=\u00bb4.10.8&#8243; _module_preset=\u00bbdefault\u00bb global_colors_info=\u00bb{}\u00bb][et_pb_row _builder_version=\u00bb4.10.8&#8243; _module_preset=\u00bbdefault\u00bb global_colors_info=\u00bb{}\u00bb][et_pb_column type=\u00bb4_4&#8243; _builder_version=\u00bb4.10.8&#8243; _module_preset=\u00bbdefault\u00bb global_colors_info=\u00bb{}\u00bb][et_pb_text _builder_version=\u00bb4.10.8&#8243; _module_preset=\u00bbdefault\u00bb custom_padding=\u00bb20px|20px|20px|20px|true|true\u00bb border_width_left=\u00bb2px\u00bb border_color_left=\u00bb#ff8f1d\u00bb global_colors_info=\u00bb{}\u00bb]<\/p>\n<p><span data-sheets-value=\"{&quot;1&quot;:2,&quot;2&quot;:&quot;Los Espacios de Igualdad son recursos p\u00fablicos municipales de proximidad, implantados en el entramado vecinal y social de los distritos, y cuyos servicios est\u00e1n dirigidos a toda la ciudadan\u00eda madrile\u00f1a.&quot;}\" data-sheets-userformat=\"{&quot;2&quot;:769,&quot;3&quot;:{&quot;1&quot;:0},&quot;11&quot;:4,&quot;12&quot;:0}\">Los Espacios de Igualdad son recursos p\u00fablicos municipales de proximidad, implantados en el entramado vecinal y social de los distritos, y cuyos servicios est\u00e1n dirigidos a toda la ciudadan\u00eda madrile\u00f1a.<\/span><\/p>\n<p>[\/et_pb_text][\/et_pb_column][\/et_pb_row][\/et_pb_section][et_pb_section fb_built=\u00bb1&#8243; _builder_version=\u00bb4.10.8&#8243; _module_preset=\u00bbdefault\u00bb custom_padding=\u00bb0px|||||\u00bb global_colors_info=\u00bb{}\u00bb][et_pb_row _builder_version=\u00bb4.10.8&#8243; _module_preset=\u00bbdefault\u00bb global_colors_info=\u00bb{}\u00bb][et_pb_column type=\u00bb4_4&#8243; _builder_version=\u00bb4.10.8&#8243; _module_preset=\u00bbdefault\u00bb global_colors_info=\u00bb{}\u00bb][et_pb_image src=\u00bbhttps:\/\/feriaentidadestetuan.com\/wp-content\/uploads\/2021\/09\/Logo-H-MirabalUNO-Ana-Garcia-Barbeito-Trabe-1.jpg\u00bb title_text=\u00bbLogo H MirabalUNO &#8211; Ana Garc\u00eda Barbeito Trabe\u00bb align=\u00bbcenter\u00bb _builder_version=\u00bb4.10.8&#8243; _module_preset=\u00bbdefault\u00bb global_colors_info=\u00bb{}\u00bb][\/et_pb_image][\/et_pb_column][\/et_pb_row][\/et_pb_section][et_pb_section fb_built=\u00bb1&#8243; _builder_version=\u00bb3.22&#8243; global_colors_info=\u00bb{}\u00bb][et_pb_row column_structure=\u00bb1_2,1_2&#8243; _builder_version=\u00bb3.25&#8243; background_size=\u00bbinitial\u00bb background_position=\u00bbtop_left\u00bb background_repeat=\u00bbrepeat\u00bb global_colors_info=\u00bb{}\u00bb][et_pb_column type=\u00bb1_2&#8243; _builder_version=\u00bb3.25&#8243; custom_padding=\u00bb|||\u00bb global_colors_info=\u00bb{}\u00bb custom_padding__hover=\u00bb|||\u00bb][et_pb_text _builder_version=\u00bb3.27.4&#8243; background_size=\u00bbinitial\u00bb background_position=\u00bbtop_left\u00bb background_repeat=\u00bbrepeat\u00bb global_colors_info=\u00bb{}\u00bb]<\/p>\n<h2>Direcci\u00f3n<\/h2>\n<p><span data-sheets-value=\"{&quot;1&quot;:2,&quot;2&quot;:&quot;Calle Bravo Murillo, 133 3\u00aa y 4\u00aa planta (entrada por Juan Pantoja, 2)&quot;}\" data-sheets-userformat=\"{&quot;2&quot;:769,&quot;3&quot;:{&quot;1&quot;:0},&quot;11&quot;:4,&quot;12&quot;:0}\">Calle Bravo Murillo, 133 3\u00aa y 4\u00aa planta (entrada por Juan Pantoja, 2)<\/span><\/p>\n<p><span data-sheets-value=\"{&quot;1&quot;:2,&quot;2&quot;:&quot;Calle Bravo Murillo, 133 3\u00aa y 4\u00aa planta (entrada por Juan Pantoja, 2)&quot;}\" data-sheets-userformat=\"{&quot;2&quot;:769,&quot;3&quot;:{&quot;1&quot;:0},&quot;11&quot;:4,&quot;12&quot;:0}\"><a class=\"in-cell-link\" href=\"http:\/\/www.madrid.es\/espaciosdeigualdad\" target=\"_blank\" rel=\"noopener\">http:\/\/www.madrid.es\/espaciosdeigualdad<\/a><\/span><\/p>\n<p><span data-sheets-value=\"{&quot;1&quot;:2,&quot;2&quot;:&quot;Calle Bravo Murillo, 133 3\u00aa y 4\u00aa planta (entrada por Juan Pantoja, 2)&quot;}\" data-sheets-userformat=\"{&quot;2&quot;:769,&quot;3&quot;:{&quot;1&quot;:0},&quot;11&quot;:4,&quot;12&quot;:0}\"><\/span><\/p>\n<p>[\/et_pb_text][\/et_pb_column][et_pb_column type=\u00bb1_2&#8243; _builder_version=\u00bb3.25&#8243; custom_padding=\u00bb|||\u00bb global_colors_info=\u00bb{}\u00bb custom_padding__hover=\u00bb|||\u00bb][et_pb_text _builder_version=\u00bb4.10.8&#8243; background_size=\u00bbinitial\u00bb background_position=\u00bbtop_left\u00bb background_repeat=\u00bbrepeat\u00bb global_colors_info=\u00bb{}\u00bb]<\/p>\n<h2>Contacto<\/h2>\n<p><span>Telf: 91 534 53 65<\/span><\/p>\n<p>Email: <a href=\"mailto:caimujerhm3@madrid.es\">caimujerhm3@madrid.es<\/a><\/p>\n<p>[\/et_pb_text][\/et_pb_column][\/et_pb_row][\/et_pb_section][et_pb_section fb_built=\u00bb1&#8243; _builder_version=\u00bb4.10.7&#8243; _module_preset=\u00bbdefault\u00bb global_colors_info=\u00bb{}\u00bb][et_pb_row _builder_version=\u00bb4.10.7&#8243; _module_preset=\u00bbdefault\u00bb global_colors_info=\u00bb{}\u00bb][et_pb_column type=\u00bb4_4&#8243; _builder_version=\u00bb4.10.7&#8243; _module_preset=\u00bbdefault\u00bb global_colors_info=\u00bb{}\u00bb][et_pb_blurb title=\u00bbActividades\u00bb use_icon=\u00bbon\u00bb font_icon=\u00bb%%259%%\u00bb icon_color=\u00bb#FF8E2E\u00bb icon_placement=\u00bbleft\u00bb _builder_version=\u00bb4.10.8&#8243; _module_preset=\u00bbdefault\u00bb header_font=\u00bb|600|||||||\u00bb header_line_height=\u00bb2em\u00bb global_colors_info=\u00bb{}\u00bb]<\/p>\n<p><span data-sheets-value=\"{&quot;1&quot;:2,&quot;2&quot;:&quot;Para mujeres, y para la ciudadan\u00eda en su conjunto&quot;}\" data-sheets-userformat=\"{&quot;2&quot;:769,&quot;3&quot;:{&quot;1&quot;:0},&quot;11&quot;:4,&quot;12&quot;:0}\">Para mujeres, y para la ciudadan\u00eda en su conjunto<\/span><\/p>\n<p>[\/et_pb_blurb][et_pb_divider color=\u00bb#ff8f1d\u00bb _builder_version=\u00bb4.10.8&#8243; _module_preset=\u00bbdefault\u00bb custom_margin=\u00bb50px||||false|false\u00bb global_colors_info=\u00bb{}\u00bb][\/et_pb_divider][et_pb_blurb title=\u00bbProyectos\u00bb use_icon=\u00bbon\u00bb font_icon=\u00bb%%234%%\u00bb icon_color=\u00bb#FF8E2E\u00bb icon_placement=\u00bbleft\u00bb _builder_version=\u00bb4.10.8&#8243; _module_preset=\u00bbdefault\u00bb header_font=\u00bb|600|||||||\u00bb header_line_height=\u00bb2em\u00bb custom_margin=\u00bb||||false|false\u00bb global_colors_info=\u00bb{}\u00bb]<\/p>\n<p><span><span>Desarrollan actuaciones encaminadas a conseguir la igualdad real de mujeres y hombres, a trav\u00e9s de tres grandes l\u00edneas:<\/span><\/span><\/p>\n<p><span><span><\/span><\/span><\/p>\n<ol>\n<li>Acciones relacionadas con los procesos de concienciaci\u00f3n ciudadana en materia de igualdad de g\u00e9nero<\/li>\n<li>Acciones dirigidas a facilitar los procesos individuales y colectivos de empoderamiento de las mujeres, reconociendo su diversidad<\/li>\n<li>Acciones orientadas a la prevenci\u00f3n, detecci\u00f3n y reparaci\u00f3n de la violencia machista<\/li>\n<\/ol>\n<p>[\/et_pb_blurb][\/et_pb_column][\/et_pb_row][\/et_pb_section]<\/p>\n","protected":false},"excerpt":{"rendered":"<p>Los Espacios de Igualdad son recursos p\u00fablicos municipales de proximidad, implantados en el entramado vecinal y social de los distritos, y cuyos servicios est\u00e1n dirigidos a toda la ciudadan\u00eda madrile\u00f1a.Direcci\u00f3n Calle Bravo Murillo, 133 3\u00aa y 4\u00aa planta (entrada por Juan Pantoja, 2) http:\/\/www.madrid.es\/espaciosdeigualdad Contacto Telf: 91 534 53 65 Email: caimujerhm3@madrid.esPara mujeres, y para [&hellip;]<\/p>\n","protected":false},"author":3,"featured_media":156,"comment_status":"open","ping_status":"open","sticky":false,"template":"","format":"standard","meta":{"_et_pb_use_builder":"on","_et_pb_old_content":"","_et_gb_content_width":"","footnotes":""},"categories":[2],"tags":[],"class_list":["post-155","post","type-post","status-publish","format-standard","has-post-thumbnail","hentry","category-entidad"],"_links":{"self":[{"href":"https:\/\/feriaentidadestetuan.com\/index.php?rest_route=\/wp\/v2\/posts\/155","targetHints":{"allow":["GET"]}}],"collection":[{"href":"https:\/\/feriaentidadestetuan.com\/index.php?rest_route=\/wp\/v2\/posts"}],"about":[{"href":"https:\/\/feriaentidadestetuan.com\/index.php?rest_route=\/wp\/v2\/types\/post"}],"author":[{"embeddable":true,"href":"https:\/\/feriaentidadestetuan.com\/index.php?rest_route=\/wp\/v2\/users\/3"}],"replies":[{"embeddable":true,"href":"https:\/\/feriaentidadestetuan.com\/index.php?rest_route=%2Fwp%2Fv2%2Fcomments&post=155"}],"version-history":[{"count":7,"href":"https:\/\/feriaentidadestetuan.com\/index.php?rest_route=\/wp\/v2\/posts\/155\/revisions"}],"predecessor-version":[{"id":657,"href":"https:\/\/feriaentidadestetuan.com\/index.php?rest_route=\/wp\/v2\/posts\/155\/revisions\/657"}],"wp:featuredmedia":[{"embeddable":true,"href":"https:\/\/feriaentidadestetuan.com\/index.php?rest_route=\/wp\/v2\/media\/156"}],"wp:attachment":[{"href":"https:\/\/feriaentidadestetuan.com\/index.php?rest_route=%2Fwp%2Fv2%2Fmedia&parent=155"}],"wp:term":[{"taxonomy":"category","embeddable":true,"href":"https:\/\/feriaentidadestetuan.com\/index.php?rest_route=%2Fwp%2Fv2%2Fcategories&post=155"},{"taxonomy":"post_tag","embeddable":true,"href":"https:\/\/feriaentidadestetuan.com\/index.php?rest_route=%2Fwp%2Fv2%2Ftags&post=155"}],"curies":[{"name":"wp","href":"https:\/\/api.w.org\/{rel}","templated":true}]}}