{"id":139,"date":"2021-09-22T08:06:45","date_gmt":"2021-09-22T08:06:45","guid":{"rendered":"https:\/\/feriaentidadestetuan.com\/?p=139"},"modified":"2022-09-12T16:59:27","modified_gmt":"2022-09-12T16:59:27","slug":"fundacion-para-la-accion-social-por-la-musica","status":"publish","type":"post","link":"https:\/\/feriaentidadestetuan.com\/?p=139","title":{"rendered":"Acci\u00f3n por la M\u00fasica"},"content":{"rendered":"<p>[et_pb_section fb_built=\u00bb1&#8243; _builder_version=\u00bb4.10.7&#8243; _module_preset=\u00bbdefault\u00bb global_colors_info=\u00bb{}\u00bb][et_pb_row _builder_version=\u00bb4.10.7&#8243; _module_preset=\u00bbdefault\u00bb global_colors_info=\u00bb{}\u00bb][et_pb_column type=\u00bb4_4&#8243; _builder_version=\u00bb4.10.7&#8243; _module_preset=\u00bbdefault\u00bb global_colors_info=\u00bb{}\u00bb][et_pb_image src=\u00bbhttps:\/\/feriaentidadestetuan.com\/wp-content\/uploads\/2021\/09\/LOGO-PRINCIPAL-HORIZONTAL-Thais-Platero-e1632221221318.png\u00bb title_text=\u00bbLOGO PRINCIPAL HORIZONTAL &#8211; Thais Platero\u00bb _builder_version=\u00bb4.10.8&#8243; _module_preset=\u00bbdefault\u00bb width=\u00bb300px\u00bb module_alignment=\u00bbcenter\u00bb global_colors_info=\u00bb{}\u00bb][\/et_pb_image][\/et_pb_column][\/et_pb_row][\/et_pb_section][et_pb_section fb_built=\u00bb1&#8243; _builder_version=\u00bb4.10.8&#8243; _module_preset=\u00bbdefault\u00bb global_colors_info=\u00bb{}\u00bb][et_pb_row _builder_version=\u00bb4.10.8&#8243; _module_preset=\u00bbdefault\u00bb global_colors_info=\u00bb{}\u00bb][et_pb_column type=\u00bb4_4&#8243; _builder_version=\u00bb4.10.8&#8243; _module_preset=\u00bbdefault\u00bb global_colors_info=\u00bb{}\u00bb][et_pb_text _builder_version=\u00bb4.10.8&#8243; _module_preset=\u00bbdefault\u00bb custom_padding=\u00bb20px|20px|20px|20px|true|true\u00bb border_width_left=\u00bb2px\u00bb border_color_left=\u00bb#ff8f1d\u00bb global_colors_info=\u00bb{}\u00bb]<\/p>\n<p>Acci\u00f3n por la M\u00fasica tiene como misi\u00f3n transformar la sociedad sembrando la semilla de la esperanza a trav\u00e9s de la m\u00fasica en cada ni\u00f1o, ni\u00f1a y joven desde la participaci\u00f3n consciente y responsable. Creamos agrupaciones musicales en las que las orquestas y coros son campos de cultivo de los valores del esp\u00edritu humano donde crecen la resiliencia, confianza, justicia social, bondad, belleza y compasi\u00f3n.<\/p>\n<p>[\/et_pb_text][\/et_pb_column][\/et_pb_row][\/et_pb_section][et_pb_section fb_built=\u00bb1&#8243; _builder_version=\u00bb4.10.8&#8243; _module_preset=\u00bbdefault\u00bb custom_padding=\u00bb0px|||||\u00bb global_colors_info=\u00bb{}\u00bb][et_pb_row _builder_version=\u00bb4.10.8&#8243; _module_preset=\u00bbdefault\u00bb global_colors_info=\u00bb{}\u00bb][et_pb_column type=\u00bb4_4&#8243; _builder_version=\u00bb4.10.8&#8243; _module_preset=\u00bbdefault\u00bb global_colors_info=\u00bb{}\u00bb][et_pb_video src=\u00bbhttps:\/\/youtu.be\/MPSKCrmxueY\u00bb _builder_version=\u00bb4.10.8&#8243; _module_preset=\u00bbdefault\u00bb hover_enabled=\u00bb0&#8243; global_colors_info=\u00bb{}\u00bb title_text=\u00bbaccion social musica\u00bb sticky_enabled=\u00bb0&#8243;][\/et_pb_video][\/et_pb_column][\/et_pb_row][\/et_pb_section][et_pb_section fb_built=\u00bb1&#8243; _builder_version=\u00bb3.22&#8243; global_colors_info=\u00bb{}\u00bb][et_pb_row column_structure=\u00bb1_2,1_2&#8243; _builder_version=\u00bb3.25&#8243; background_size=\u00bbinitial\u00bb background_position=\u00bbtop_left\u00bb background_repeat=\u00bbrepeat\u00bb global_colors_info=\u00bb{}\u00bb][et_pb_column type=\u00bb1_2&#8243; _builder_version=\u00bb3.25&#8243; custom_padding=\u00bb|||\u00bb global_colors_info=\u00bb{}\u00bb custom_padding__hover=\u00bb|||\u00bb][et_pb_text _builder_version=\u00bb3.27.4&#8243; background_size=\u00bbinitial\u00bb background_position=\u00bbtop_left\u00bb background_repeat=\u00bbrepeat\u00bb global_colors_info=\u00bb{}\u00bb]<\/p>\n<h2>Direcci\u00f3n<\/h2>\n<p><span data-sheets-value=\"{&quot;1&quot;:2,&quot;2&quot;:&quot;CALLE HUERTAS, 11, 28012 MADRID&quot;}\" data-sheets-userformat=\"{&quot;2&quot;:769,&quot;3&quot;:{&quot;1&quot;:0},&quot;11&quot;:4,&quot;12&quot;:0}\"><span style=\"font-family: arial, sans-serif;\">Calle Vandergoten, 1, 28014 Madrid<\/span><\/span><\/p>\n<p><span data-sheets-value=\"{&quot;1&quot;:2,&quot;2&quot;:&quot;CALLE HUERTAS, 11, 28012 MADRID&quot;}\" data-sheets-userformat=\"{&quot;2&quot;:769,&quot;3&quot;:{&quot;1&quot;:0},&quot;11&quot;:4,&quot;12&quot;:0}\"><\/span><\/p>\n<p><span data-sheets-value=\"{&quot;1&quot;:2,&quot;2&quot;:&quot;CALLE HUERTAS, 11, 28012 MADRID&quot;}\" data-sheets-userformat=\"{&quot;2&quot;:769,&quot;3&quot;:{&quot;1&quot;:0},&quot;11&quot;:4,&quot;12&quot;:0}\"><a class=\"in-cell-link\" href=\"http:\/\/WWW.ACCIONPORLAMUSICA.ES\" target=\"_blank\" rel=\"noopener\">WWW.ACCIONPORLAMUSICA.ES<\/a><\/span><\/p>\n<p>[\/et_pb_text][\/et_pb_column][et_pb_column type=\u00bb1_2&#8243; _builder_version=\u00bb3.25&#8243; custom_padding=\u00bb|||\u00bb global_colors_info=\u00bb{}\u00bb custom_padding__hover=\u00bb|||\u00bb][et_pb_text _builder_version=\u00bb4.10.8&#8243; background_size=\u00bbinitial\u00bb background_position=\u00bbtop_left\u00bb background_repeat=\u00bbrepeat\u00bb global_colors_info=\u00bb{}\u00bb]<\/p>\n<h2>Contacto<\/h2>\n<p><span>Telf: 91 197 63 98<\/span><\/p>\n<p>Email: <a href=\"mailto:INFO@FASM.ES\">INFO@FASM.ES<\/a><\/p>\n<p>[\/et_pb_text][\/et_pb_column][\/et_pb_row][\/et_pb_section][et_pb_section fb_built=\u00bb1&#8243; _builder_version=\u00bb4.10.7&#8243; _module_preset=\u00bbdefault\u00bb global_colors_info=\u00bb{}\u00bb][et_pb_row _builder_version=\u00bb4.10.7&#8243; _module_preset=\u00bbdefault\u00bb global_colors_info=\u00bb{}\u00bb][et_pb_column type=\u00bb4_4&#8243; _builder_version=\u00bb4.10.7&#8243; _module_preset=\u00bbdefault\u00bb global_colors_info=\u00bb{}\u00bb][et_pb_blurb title=\u00bbActividades\u00bb use_icon=\u00bbon\u00bb font_icon=\u00bb%%259%%\u00bb icon_color=\u00bb#FF8E2E\u00bb icon_placement=\u00bbleft\u00bb _builder_version=\u00bb4.10.8&#8243; _module_preset=\u00bbdefault\u00bb header_font=\u00bb|600|||||||\u00bb header_line_height=\u00bb2em\u00bb global_colors_info=\u00bb{}\u00bb]<\/p>\n<ol>\n<li><span style=\"font-family: arial, sans-serif;\">Orquestas Infanto-Juveniles: Orquesta de cuerda o ensambles de percusi\u00f3n de ni\u00f1os\/as y j\u00f3venes en diferentes centros escolares y culturales de Tetu\u00e1n. A partir de los 3 a\u00f1os.\u00a0<\/span><\/li>\n<li><span style=\"font-family: arial, sans-serif;\">Coro Amar: Coro de Adultos (mayores de 18 a\u00f1os) en el Centro Cultural Eduardo \u00darculo.<\/span><\/li>\n<\/ol>\n<p>[\/et_pb_blurb][et_pb_divider color=\u00bb#ff8f1d\u00bb _builder_version=\u00bb4.10.8&#8243; _module_preset=\u00bbdefault\u00bb custom_margin=\u00bb50px||||false|false\u00bb global_colors_info=\u00bb{}\u00bb][\/et_pb_divider][et_pb_blurb title=\u00bbProyectos\u00bb use_icon=\u00bbon\u00bb font_icon=\u00bb%%234%%\u00bb icon_color=\u00bb#FF8E2E\u00bb icon_placement=\u00bbleft\u00bb _builder_version=\u00bb4.10.8&#8243; _module_preset=\u00bbdefault\u00bb header_font=\u00bb|600|||||||\u00bb header_line_height=\u00bb2em\u00bb custom_margin=\u00bb||||false|false\u00bb global_colors_info=\u00bb{}\u00bb]<\/p>\n<ol>\n<li><span style=\"font-family: arial, sans-serif;\">Haz Que Suene Tetu\u00e1n: Orquestas<span class=\"gmail_default\" style=\"font-family: 'trebuchet ms',sans-serif;\"> <\/span>y Percusi\u00f3n en Tetu\u00e1n<span class=\"gmail_default\" style=\"font-family: 'trebuchet ms',sans-serif;\"> para menores y j\u00f3venes de entre 3 y 18 a\u00f1os<\/span><\/span><\/li>\n<li><span style=\"font-family: arial, sans-serif;\">Coro Amar: Coro de Adultos<span class=\"gmail_default\"> en Tetu\u00e1n para mayores de 18 a\u00f1os<\/span><\/span><\/li>\n<li><span style=\"font-family: arial, sans-serif;\">Haz Que Suene la Quinta de los Molinos: Orquesta de viento metal <span class=\"gmail_default\" style=\"font-family: 'trebuchet ms',sans-serif;\">para menores de 7 a 12 a\u00f1os <\/span>en Espacio Abierto La Quinta<span class=\"gmail_default\"> (San Blas Canillejas)<\/span><\/span><\/li>\n<li><span style=\"font-family: arial, sans-serif;\"><span class=\"gmail_default\">Fuerza Musical<\/span>: Orquesta y Coro para <span class=\"gmail_default\">j\u00f3venes y adultos<\/span>\u00a0con discapacidad<span class=\"gmail_default\"> en la Fundaci\u00f3n A La Par<\/span><\/span><\/li>\n<li><span class=\"gmail_default\"><span style=\"font-family: arial, sans-serif;\">Tetu\u00e1n Educa: Apoyo psicoeducativo online para menores de entre 6 y 18 a\u00f1os.<\/span><\/span><\/li>\n<\/ol>\n<p>[\/et_pb_blurb][\/et_pb_column][\/et_pb_row][\/et_pb_section]<\/p>\n","protected":false},"excerpt":{"rendered":"<p>Acci\u00f3n por la M\u00fasica tiene como misi\u00f3n transformar la sociedad sembrando la semilla de la esperanza a trav\u00e9s de la m\u00fasica en cada ni\u00f1o, ni\u00f1a y joven desde la participaci\u00f3n consciente y responsable. Creamos agrupaciones musicales en las que las orquestas y coros son campos de cultivo de los valores del esp\u00edritu humano donde crecen [&hellip;]<\/p>\n","protected":false},"author":3,"featured_media":61,"comment_status":"open","ping_status":"open","sticky":false,"template":"","format":"standard","meta":{"_et_pb_use_builder":"on","_et_pb_old_content":"","_et_gb_content_width":"","footnotes":""},"categories":[2],"tags":[],"class_list":["post-139","post","type-post","status-publish","format-standard","has-post-thumbnail","hentry","category-entidad"],"_links":{"self":[{"href":"https:\/\/feriaentidadestetuan.com\/index.php?rest_route=\/wp\/v2\/posts\/139","targetHints":{"allow":["GET"]}}],"collection":[{"href":"https:\/\/feriaentidadestetuan.com\/index.php?rest_route=\/wp\/v2\/posts"}],"about":[{"href":"https:\/\/feriaentidadestetuan.com\/index.php?rest_route=\/wp\/v2\/types\/post"}],"author":[{"embeddable":true,"href":"https:\/\/feriaentidadestetuan.com\/index.php?rest_route=\/wp\/v2\/users\/3"}],"replies":[{"embeddable":true,"href":"https:\/\/feriaentidadestetuan.com\/index.php?rest_route=%2Fwp%2Fv2%2Fcomments&post=139"}],"version-history":[{"count":13,"href":"https:\/\/feriaentidadestetuan.com\/index.php?rest_route=\/wp\/v2\/posts\/139\/revisions"}],"predecessor-version":[{"id":818,"href":"https:\/\/feriaentidadestetuan.com\/index.php?rest_route=\/wp\/v2\/posts\/139\/revisions\/818"}],"wp:featuredmedia":[{"embeddable":true,"href":"https:\/\/feriaentidadestetuan.com\/index.php?rest_route=\/wp\/v2\/media\/61"}],"wp:attachment":[{"href":"https:\/\/feriaentidadestetuan.com\/index.php?rest_route=%2Fwp%2Fv2%2Fmedia&parent=139"}],"wp:term":[{"taxonomy":"category","embeddable":true,"href":"https:\/\/feriaentidadestetuan.com\/index.php?rest_route=%2Fwp%2Fv2%2Fcategories&post=139"},{"taxonomy":"post_tag","embeddable":true,"href":"https:\/\/feriaentidadestetuan.com\/index.php?rest_route=%2Fwp%2Fv2%2Ftags&post=139"}],"curies":[{"name":"wp","href":"https:\/\/api.w.org\/{rel}","templated":true}]}}