{"id":1093,"date":"2023-10-09T08:02:55","date_gmt":"2023-10-09T08:02:55","guid":{"rendered":"https:\/\/feriaentidadestetuan.com\/?p=1093"},"modified":"2023-10-16T10:19:32","modified_gmt":"2023-10-16T10:19:32","slug":"enlazando-barrios-fravm","status":"publish","type":"post","link":"https:\/\/feriaentidadestetuan.com\/?p=1093","title":{"rendered":"ENLAZANDO BARRIOS-FRAVM"},"content":{"rendered":"<p>[et_pb_section fb_built=\u00bb1&#8243; _builder_version=\u00bb4.10.7&#8243; _module_preset=\u00bbdefault\u00bb global_colors_info=\u00bb{}\u00bb][et_pb_row _builder_version=\u00bb4.10.7&#8243; _module_preset=\u00bbdefault\u00bb global_colors_info=\u00bb{}\u00bb][et_pb_column type=\u00bb4_4&#8243; _builder_version=\u00bb4.10.7&#8243; _module_preset=\u00bbdefault\u00bb global_colors_info=\u00bb{}\u00bb][et_pb_image src=\u00bbhttps:\/\/feriaentidadestetuan.com\/wp-content\/uploads\/2023\/09\/logo-Mediacion-9-mediacion-tetuan.png\u00bb title_text=\u00bb_logo Mediaci\u00f3n (9) &#8211; mediacion tetuan\u00bb _builder_version=\u00bb4.10.8&#8243; _module_preset=\u00bbdefault\u00bb global_colors_info=\u00bb{}\u00bb][\/et_pb_image][\/et_pb_column][\/et_pb_row][\/et_pb_section][et_pb_section fb_built=\u00bb1&#8243; _builder_version=\u00bb4.10.8&#8243; _module_preset=\u00bbdefault\u00bb global_colors_info=\u00bb{}\u00bb][et_pb_row _builder_version=\u00bb4.10.8&#8243; _module_preset=\u00bbdefault\u00bb global_colors_info=\u00bb{}\u00bb][et_pb_column type=\u00bb4_4&#8243; _builder_version=\u00bb4.10.8&#8243; _module_preset=\u00bbdefault\u00bb global_colors_info=\u00bb{}\u00bb][et_pb_text _builder_version=\u00bb4.10.8&#8243; _module_preset=\u00bbdefault\u00bb custom_padding=\u00bb20px|20px|20px|20px|true|true\u00bb border_width_left=\u00bb2px\u00bb border_color_left=\u00bb#ff8f1d\u00bb global_colors_info=\u00bb{}\u00bb]<\/p>\n<p><span>Enlazando Barrios es un proyecto de la Federaci\u00f3n Regional de Asociaciones Vecinales que presta un servicio de atenci\u00f3n integral, que parte desde la orientaci\u00f3n e informaci\u00f3n, hasta la capacitaci\u00f3n, formaci\u00f3n y autoorganizaci\u00f3n comunitaria, para fomentar una mayor autonom\u00eda y apoyo social, paliando las situaciones de mayor vulnerabilidad. Todo ello a trav\u00e9s de actividades de inter\u00e9s p\u00fablico-social que fomentan la participaci\u00f3n de la ciudadan\u00eda. \u00bfNecesitas informaci\u00f3n sobre recursos de tu entorno? \u00bfVas a montar una asociaci\u00f3n y necesitas asesoramiento? \u00bfQuieres saber c\u00f3mo participar en tu barrio? \u00bfTe gustar\u00eda vencer a la brecha digital? \u00bfNecesitas ayuda en la gesti\u00f3n de tu asociaci\u00f3n? \u00bfTe gustar\u00eda organizarte con tus vecinas y vecinos para ayudaros mutuamente? \u00a1Acude a t\u00fa Asociaci\u00f3n Vecinal de referencia!<\/span><\/p>\n<p><span>\u00a0<\/span><\/p>\n<p>[\/et_pb_text][\/et_pb_column][\/et_pb_row][\/et_pb_section][et_pb_section fb_built=\u00bb1&#8243; _builder_version=\u00bb4.10.8&#8243; _module_preset=\u00bbdefault\u00bb global_colors_info=\u00bb{}\u00bb][et_pb_row _builder_version=\u00bb4.10.8&#8243; _module_preset=\u00bbdefault\u00bb global_colors_info=\u00bb{}\u00bb][et_pb_column type=\u00bb4_4&#8243; _builder_version=\u00bb4.10.8&#8243; _module_preset=\u00bbdefault\u00bb global_colors_info=\u00bb{}\u00bb][et_pb_video src=\u00bbhttps:\/\/feriaentidadestetuan.com\/wp-content\/uploads\/2023\/10\/Publicacion-Equipo-IG-Post-de-Instagram-Cuadrado-Javi-Enlazando-Barrios-FRAVM.mp4&#8243; _builder_version=\u00bb4.10.8&#8243; _module_preset=\u00bbdefault\u00bb global_colors_info=\u00bb{}\u00bb][\/et_pb_video][\/et_pb_column][\/et_pb_row][\/et_pb_section][et_pb_section fb_built=\u00bb1&#8243; _builder_version=\u00bb3.22&#8243; min_height=\u00bb307px\u00bb global_colors_info=\u00bb{}\u00bb][et_pb_row column_structure=\u00bb1_2,1_2&#8243; _builder_version=\u00bb4.10.8&#8243; background_size=\u00bbinitial\u00bb background_position=\u00bbtop_left\u00bb background_repeat=\u00bbrepeat\u00bb global_colors_info=\u00bb{}\u00bb][et_pb_column type=\u00bb1_2&#8243; _builder_version=\u00bb3.25&#8243; custom_padding=\u00bb|||\u00bb global_colors_info=\u00bb{}\u00bb custom_padding__hover=\u00bb|||\u00bb][et_pb_text _builder_version=\u00bb4.10.8&#8243; background_size=\u00bbinitial\u00bb background_position=\u00bbtop_left\u00bb background_repeat=\u00bbrepeat\u00bb link_option_url_new_window=\u00bbon\u00bb global_colors_info=\u00bb{}\u00bb]<\/p>\n<h2>Direcci\u00f3n<\/h2>\n<p><span>Asociaci\u00f3n Vecinal Ventilla Alemnara<\/span><\/p>\n<p><span>Calle de los Geranios, 22<br \/><\/span><\/p>\n<p>&nbsp;<\/p>\n<blockquote>\n<p><span>Twitter: @EnlazandoMadrid @enlazando_norte <\/span><\/p>\n<\/blockquote>\n<p><span>IG: @enlazando_madrid <\/span><\/p>\n<p><span>Web: https:\/\/aavvmadrid.org\/proyectos-fram\/enlazando-barrios-orientacion-y-desarrollo-comunitario\/<\/span><\/p>\n<p>&nbsp;<\/p>\n<p>[\/et_pb_text][\/et_pb_column][et_pb_column type=\u00bb1_2&#8243; _builder_version=\u00bb3.25&#8243; custom_padding=\u00bb|||\u00bb global_colors_info=\u00bb{}\u00bb custom_padding__hover=\u00bb|||\u00bb][et_pb_text _builder_version=\u00bb4.10.8&#8243; background_size=\u00bbinitial\u00bb background_position=\u00bbtop_left\u00bb background_repeat=\u00bbrepeat\u00bb hover_enabled=\u00bb0&#8243; global_colors_info=\u00bb{}\u00bb sticky_enabled=\u00bb0&#8243;]<\/p>\n<h2>Contacto<\/h2>\n<p><span>Tel: 621286701<\/span><\/p>\n<p>Email: <a href=\"mailto:orientacion.tetuan@aavvmadrid.org\" target=\"_blank\" rel=\"noopener\"><span>orientacion.tetuan@aavvmadrid.org<\/span><\/a><span><\/span><\/p>\n<p><span><\/span><\/p>\n<p>&nbsp;<\/p>\n<p>[\/et_pb_text][\/et_pb_column][\/et_pb_row][\/et_pb_section][et_pb_section fb_built=\u00bb1&#8243; _builder_version=\u00bb4.10.7&#8243; _module_preset=\u00bbdefault\u00bb global_colors_info=\u00bb{}\u00bb][et_pb_row _builder_version=\u00bb4.10.8&#8243; _module_preset=\u00bbdefault\u00bb min_height=\u00bb378.9px\u00bb global_colors_info=\u00bb{}\u00bb][et_pb_column type=\u00bb4_4&#8243; _builder_version=\u00bb4.10.7&#8243; _module_preset=\u00bbdefault\u00bb global_colors_info=\u00bb{}\u00bb][et_pb_blurb title=\u00bbProgramas\u00bb use_icon=\u00bbon\u00bb font_icon=\u00bb%%259%%\u00bb icon_color=\u00bb#FF8E2E\u00bb icon_placement=\u00bbleft\u00bb _builder_version=\u00bb4.10.8&#8243; _module_preset=\u00bbdefault\u00bb header_font=\u00bb|600|||||||\u00bb header_line_height=\u00bb2em\u00bb custom_padding=\u00bb||0px|||\u00bb global_colors_info=\u00bb{}\u00bb]<\/p>\n<p><span>Informaci\u00f3n sobre recursos del entorno: municipales, entidades sociales, educativas, formativas, etc. Asesoramiento en asociacionismo Capacitaci\u00f3n y formaci\u00f3n en diferentes tem\u00e1ticas: brecha digital, participaci\u00f3n, fortalecimiento de las asociaciones&#8230; Mesas informativas Acciones de sensibilizaci\u00f3n Sesiones de orientaci\u00f3n que faciliten el acceso a la red de servicios municipales<\/span><\/p>\n<p>[\/et_pb_blurb][et_pb_divider color=\u00bb#ff8f1d\u00bb _builder_version=\u00bb4.10.8&#8243; _module_preset=\u00bbdefault\u00bb custom_margin=\u00bb50px||||false|false\u00bb global_colors_info=\u00bb{}\u00bb][\/et_pb_divider][\/et_pb_column][\/et_pb_row][et_pb_row _builder_version=\u00bb4.10.8&#8243; _module_preset=\u00bbdefault\u00bb min_height=\u00bb378.9px\u00bb global_colors_info=\u00bb{}\u00bb][et_pb_column type=\u00bb4_4&#8243; _builder_version=\u00bb4.10.7&#8243; _module_preset=\u00bbdefault\u00bb global_colors_info=\u00bb{}\u00bb][et_pb_blurb title=\u00bbActividades\u00bb use_icon=\u00bbon\u00bb font_icon=\u00bb%%259%%\u00bb icon_color=\u00bb#FF8E2E\u00bb icon_placement=\u00bbleft\u00bb _builder_version=\u00bb4.10.8&#8243; _module_preset=\u00bbdefault\u00bb header_font=\u00bb|600|||||||\u00bb header_line_height=\u00bb2em\u00bb custom_padding=\u00bb||0px|||\u00bb global_colors_info=\u00bb{}\u00bb]<\/p>\n<p><span>Servicio de informaci\u00f3n, orientaci\u00f3n, formaci\u00f3n y desarrollo comunitario de la FRAVM. Intervenimos en 17 distritos de Madrid para ayudarte a tender puentes entre el vecindario. Acude a tu Asociaci\u00f3n Vecinal de referencia en tu barrio y te atenderemos individualmente o grupalmente. Totalmente de acceso libre. Asociaci\u00f3n Vecinal Ventilla-Almenara, C\/Geranios, 22 . 621286701. orientacion.tetuan@aavvmadrid.org<\/span><\/p>\n<p>[\/et_pb_blurb][et_pb_divider color=\u00bb#ff8f1d\u00bb _builder_version=\u00bb4.10.8&#8243; _module_preset=\u00bbdefault\u00bb custom_margin=\u00bb50px||||false|false\u00bb global_colors_info=\u00bb{}\u00bb][\/et_pb_divider][\/et_pb_column][\/et_pb_row][\/et_pb_section]<\/p>\n","protected":false},"excerpt":{"rendered":"<p>Enlazando Barrios es un proyecto de la Federaci\u00f3n Regional de Asociaciones Vecinales que presta un servicio de atenci\u00f3n integral, que parte desde la orientaci\u00f3n e informaci\u00f3n, hasta la capacitaci\u00f3n, formaci\u00f3n y autoorganizaci\u00f3n comunitaria, para fomentar una mayor autonom\u00eda y apoyo social, paliando las situaciones de mayor vulnerabilidad. Todo ello a trav\u00e9s de actividades de inter\u00e9s [&hellip;]<\/p>\n","protected":false},"author":3,"featured_media":1094,"comment_status":"open","ping_status":"open","sticky":false,"template":"","format":"standard","meta":{"_et_pb_use_builder":"on","_et_pb_old_content":"","_et_gb_content_width":"","footnotes":""},"categories":[2],"tags":[],"class_list":["post-1093","post","type-post","status-publish","format-standard","has-post-thumbnail","hentry","category-entidad"],"_links":{"self":[{"href":"https:\/\/feriaentidadestetuan.com\/index.php?rest_route=\/wp\/v2\/posts\/1093","targetHints":{"allow":["GET"]}}],"collection":[{"href":"https:\/\/feriaentidadestetuan.com\/index.php?rest_route=\/wp\/v2\/posts"}],"about":[{"href":"https:\/\/feriaentidadestetuan.com\/index.php?rest_route=\/wp\/v2\/types\/post"}],"author":[{"embeddable":true,"href":"https:\/\/feriaentidadestetuan.com\/index.php?rest_route=\/wp\/v2\/users\/3"}],"replies":[{"embeddable":true,"href":"https:\/\/feriaentidadestetuan.com\/index.php?rest_route=%2Fwp%2Fv2%2Fcomments&post=1093"}],"version-history":[{"count":3,"href":"https:\/\/feriaentidadestetuan.com\/index.php?rest_route=\/wp\/v2\/posts\/1093\/revisions"}],"predecessor-version":[{"id":1122,"href":"https:\/\/feriaentidadestetuan.com\/index.php?rest_route=\/wp\/v2\/posts\/1093\/revisions\/1122"}],"wp:featuredmedia":[{"embeddable":true,"href":"https:\/\/feriaentidadestetuan.com\/index.php?rest_route=\/wp\/v2\/media\/1094"}],"wp:attachment":[{"href":"https:\/\/feriaentidadestetuan.com\/index.php?rest_route=%2Fwp%2Fv2%2Fmedia&parent=1093"}],"wp:term":[{"taxonomy":"category","embeddable":true,"href":"https:\/\/feriaentidadestetuan.com\/index.php?rest_route=%2Fwp%2Fv2%2Fcategories&post=1093"},{"taxonomy":"post_tag","embeddable":true,"href":"https:\/\/feriaentidadestetuan.com\/index.php?rest_route=%2Fwp%2Fv2%2Ftags&post=1093"}],"curies":[{"name":"wp","href":"https:\/\/api.w.org\/{rel}","templated":true}]}}